{"id":338,"date":"2014-12-01T19:14:02","date_gmt":"2014-12-01T21:14:02","guid":{"rendered":"https:\/\/wp.ufpel.edu.br\/constituinte\/?p=338"},"modified":"2014-12-01T19:14:02","modified_gmt":"2014-12-01T21:14:02","slug":"comeca-a-constituinte-universitaria","status":"publish","type":"post","link":"https:\/\/wp.ufpel.edu.br\/constituinte\/2014\/12\/01\/comeca-a-constituinte-universitaria\/","title":{"rendered":"Come\u00e7a a Constituinte Universit\u00e1ria"},"content":{"rendered":"<h1><\/h1>\n<p style=\"text-align: justify\"><a href=\"http:\/\/ccs2.ufpel.edu.br\/wp\/wp-content\/uploads\/2014\/12\/DSC_33351.jpg\"><img class=\"alignnone size-medium wp-image-42347\" src=\"http:\/\/ccs2.ufpel.edu.br\/wp\/wp-content\/uploads\/2014\/12\/DSC_33351-200x132.jpg\" alt=\"DSC_3335\" width=\"200\" height=\"132\" \/><\/a>\u00a0Uma data hist\u00f3rica para a UFPel nesta segunda-feira, dia 1\u00ba de dezembro de 2014. Come\u00e7aram os trabalhos da Constituinte Universit\u00e1ria, processo que elaborar\u00e1 documentos como o Regimento Geral, o Estatuto e o Projeto Pedag\u00f3gico Institucional da Universidade. Em sua primeira reuni\u00e3o, realizada na tarde desta segunda, a Comiss\u00e3o de Sistematiza\u00e7\u00e3o da Constituinte tratou da sua organiza\u00e7\u00e3o interna visando \u00e0 elabora\u00e7\u00e3o dos documentos.<\/p>\n<p style=\"text-align: justify\">Ainda com as aus\u00eancias de sete membros, seis discentes e um docente, que ser\u00e3o eleitos no dia 8, a Comiss\u00e3o foi instalada com as presen\u00e7as do reitor Mauro Del Pino e de representantes da Comiss\u00e3o de Acompanhamento. No total, s\u00e3o 66 representantes da comunidade universit\u00e1ria.<\/p>\n<p style=\"text-align: justify\">Nas elei\u00e7\u00f5es da Comiss\u00e3o de Sistematiza\u00e7\u00e3o, em novembro, seis unidades acad\u00eamicas n\u00e3o apresentaram candidatos discentes e houve a impugna\u00e7\u00e3o de uma urna no Centro de Integra\u00e7\u00e3o do Mercosul, porque, embora contivesse votos de servidores docentes e t\u00e9cnico-administrativos, n\u00e3o havia assinatura nas listas de vota\u00e7\u00e3o.<\/p>\n<p style=\"text-align: justify\">Buscando corrigir esta falha e com o objetivo de dar nova oportunidade \u00e0 apresenta\u00e7\u00e3o de candidaturas discentes nas outras seis unidades, foi aberto um novo per\u00edodo\u00a0para inscri\u00e7\u00e3o de chapas at\u00e9 a quinta-feira (4) e nova elei\u00e7\u00e3o ser\u00e1 realizada (nas seis unidades e no CIM) no dia 8.<\/p>\n<p style=\"text-align: justify\"><a href=\"http:\/\/ccs2.ufpel.edu.br\/wp\/wp-content\/uploads\/2014\/12\/DSC_3307.jpg\"><img class=\"alignnone size-medium wp-image-42348\" src=\"http:\/\/ccs2.ufpel.edu.br\/wp\/wp-content\/uploads\/2014\/12\/DSC_3307-200x132.jpg\" alt=\"DSC_3307\" width=\"200\" height=\"132\" \/><\/a>\u00a0Na reuni\u00e3o realizada nesta segunda no Lyceu, no Sal\u00e3o do Conselho Universit\u00e1rio, que dever\u00e1 ser o local dos encontros da Constituinte, os trabalhos foram abertos pela Comiss\u00e3o de Acompanhamento e pelo reitor da UFPel. Em sua fala aos constituintes, Mauro Del Pino ressaltou os fatos de o encontro ter sido precedido por um longo processo e o de que naquele momento come\u00e7ava a ser realizado antigo desejo da comunidade.<\/p>\n<p style=\"text-align: justify\">\u201c\u00c9 o resultado de um esfor\u00e7o coletivo. Aqui ser\u00e3o discutidas e definidas as novas estruturas da UFPel, que dever\u00e3o dar conta dos compromissos da Institui\u00e7\u00e3o\u201d, disse o reitor. Del Pino lembrou que a comunidade dever\u00e1 ser a grande protagonista deste trabalho, chamando a participa\u00e7\u00e3o de todos nos debates que vir\u00e3o.<\/p>\n<p style=\"text-align: justify\">Conforme o reitor, os trabalhos come\u00e7ar\u00e3o pelo Projeto Pedag\u00f3gico, texto a ser elaborado ao mesmo tempo em que a Gest\u00e3o preparar\u00e1 o Plano de Desenvolvimento Institucional (PDI). \u201cEstes trabalhos dever\u00e3o ser feitos com um di\u00e1logo entre Constituinte e Gest\u00e3o e seguir os mesmos princ\u00edpios\u201d, afirmou Del Pino. Os dois documentos devem estar prontos at\u00e9 a metade de 2015, para depois os constituintes dedicarem-se \u00e0s reda\u00e7\u00f5es do Estatuto e do Regimento Geral.<\/p>\n<p style=\"text-align: justify\">\u201cDesejo a todos que tenham \u00eaxito em dar conta desta importante tarefa\u201d, disse o reitor aos membros da Comiss\u00e3o de Sistematiza\u00e7\u00e3o, completando que eles devem sempre dialogar com a comunidade, durante a elabora\u00e7\u00e3o dos trabalhos.<\/p>\n<p style=\"text-align: justify\">A princ\u00edpio, os constituintes dever\u00e3o ter encontros semanais, de mar\u00e7o a dezembro, no Lyceu. No seu primeiro encontro, conversaram sobre a instala\u00e7\u00e3o de uma comiss\u00e3o coordenadora provis\u00f3ria, em fun\u00e7\u00e3o do grupo ainda estar incompleto, calend\u00e1rio de atividades, meios de comunica\u00e7\u00e3o entre eles e outros pontos sobre a organiza\u00e7\u00e3o do trabalho.<\/p>\n<p style=\"text-align: justify\">Caber\u00e1 \u00e0 Comiss\u00e3o de Acompanhamento dar o suporte aos trabalhos da Comiss\u00e3o de Sistematiza\u00e7\u00e3o, sempre que for necess\u00e1rio ou solicitado.<\/p>\n<p style=\"text-align: justify\">A realiza\u00e7\u00e3o da Constituinte Universit\u00e1ria \u00e9 ponto program\u00e1tico da atual Gest\u00e3o da UFPel, sendo uma das principais propostas de campanha, quando da realiza\u00e7\u00e3o das elei\u00e7\u00f5es para a Reitoria, em 2012. O Estatuto da Universidade carece de atualiza\u00e7\u00e3o de seu texto. O documento data da cria\u00e7\u00e3o da Institui\u00e7\u00e3o, em 1969, por isso necessita de uma nova reda\u00e7\u00e3o e de atualiza\u00e7\u00f5es que o sintonizem com as necessidades e demandas do S\u00e9culo 21.<\/p>\n<p>&nbsp;<\/p>\n","protected":false},"excerpt":{"rendered":"<p>\u00a0Uma data hist\u00f3rica para a UFPel nesta segunda-feira, dia 1\u00ba de dezembro de 2014. Come\u00e7aram os trabalhos da Constituinte Universit\u00e1ria, processo que elaborar\u00e1 documentos como o Regimento Geral, o Estatuto e o Projeto Pedag\u00f3gico Institucional da Universidade. Em sua primeira reuni\u00e3o, realizada na tarde desta segunda, a Comiss\u00e3o de Sistematiza\u00e7\u00e3o da Constituinte tratou da sua [&hellip;]<\/p>\n","protected":false},"author":413,"featured_media":0,"comment_status":"closed","ping_status":"closed","sticky":false,"template":"","format":"standard","meta":{"footnotes":""},"categories":[18],"tags":[],"class_list":["post-338","post","type-post","status-publish","format-standard","hentry","category-sem-categoria"],"jetpack_featured_media_url":"","_links":{"self":[{"href":"https:\/\/wp.ufpel.edu.br\/constituinte\/wp-json\/wp\/v2\/posts\/338","targetHints":{"allow":["GET"]}}],"collection":[{"href":"https:\/\/wp.ufpel.edu.br\/constituinte\/wp-json\/wp\/v2\/posts"}],"about":[{"href":"https:\/\/wp.ufpel.edu.br\/constituinte\/wp-json\/wp\/v2\/types\/post"}],"author":[{"embeddable":true,"href":"https:\/\/wp.ufpel.edu.br\/constituinte\/wp-json\/wp\/v2\/users\/413"}],"replies":[{"embeddable":true,"href":"https:\/\/wp.ufpel.edu.br\/constituinte\/wp-json\/wp\/v2\/comments?post=338"}],"version-history":[{"count":1,"href":"https:\/\/wp.ufpel.edu.br\/constituinte\/wp-json\/wp\/v2\/posts\/338\/revisions"}],"predecessor-version":[{"id":339,"href":"https:\/\/wp.ufpel.edu.br\/constituinte\/wp-json\/wp\/v2\/posts\/338\/revisions\/339"}],"wp:attachment":[{"href":"https:\/\/wp.ufpel.edu.br\/constituinte\/wp-json\/wp\/v2\/media?parent=338"}],"wp:term":[{"taxonomy":"category","embeddable":true,"href":"https:\/\/wp.ufpel.edu.br\/constituinte\/wp-json\/wp\/v2\/categories?post=338"},{"taxonomy":"post_tag","embeddable":true,"href":"https:\/\/wp.ufpel.edu.br\/constituinte\/wp-json\/wp\/v2\/tags?post=338"}],"curies":[{"name":"wp","href":"https:\/\/api.w.org\/{rel}","templated":true}]}}