{"id":238,"date":"2014-09-03T10:33:54","date_gmt":"2014-09-03T13:33:54","guid":{"rendered":"https:\/\/wp.ufpel.edu.br\/constituinte\/?p=238"},"modified":"2014-09-12T16:19:56","modified_gmt":"2014-09-12T19:19:56","slug":"divulgadas-propostas-de-metodologia-para-a-constituinte","status":"publish","type":"post","link":"https:\/\/wp.ufpel.edu.br\/constituinte\/2014\/09\/03\/divulgadas-propostas-de-metodologia-para-a-constituinte\/","title":{"rendered":"Divulgadas propostas de Metodologia para a Constituinte"},"content":{"rendered":"<p style=\"text-align: justify\">Em cumprimento \u00e0 delibera\u00e7\u00e3o do Conselho Universit\u00e1rio (Consun), na reuni\u00e3o de 1\u00b0 de setembro, a Coordena\u00e7\u00e3o de Processos Participativos (CPP) est\u00e1 disponibilizando as propostas apresentadas, referentes \u00e0 metodologia para o processo de Constituinte Universit\u00e1ria da UFPel. De acordo com a delibera\u00e7\u00e3o do Conselho, outras propostas integrais ou parciais poder\u00e3o ser encaminhadas \u00e0 Coordena\u00e7\u00e3o de Processos Participativos (<a href=\"mailto:cpp.ufpel@gmail.com\">cpp.ufpel@gmail.com<\/a>) at\u00e9 o dia 12 de setembro.<\/p>\n<p style=\"text-align: justify\"><a href=\"http:\/\/ccs2.ufpel.edu.br\/wp\/wp-content\/uploads\/2014\/09\/Proposta-1.pdf\">Proposta 1<\/a><\/p>\n<p><a href=\"https:\/\/wp.ufpel.edu.br\/constituinte\/files\/2014\/09\/Constituinte_Proposta-Gen\u00e9rica-1.doc\">Proposta Gen\u00e9rica 1<\/a><\/p>\n<p><a href=\"https:\/\/wp.ufpel.edu.br\/constituinte\/files\/2014\/09\/Constituinte_Proposta-Pontual-1.doc\">Proposta Pontual 1<\/a><\/p>\n<p><a href=\"https:\/\/wp.ufpel.edu.br\/constituinte\/files\/2014\/09\/Constituinte_Proposta-Pontual-2.doc\">Proposta Pontual 2<\/a><\/p>\n<p><a href=\"https:\/\/wp.ufpel.edu.br\/constituinte\/files\/2014\/09\/Constituinte_Proposta-Pontual-3.doc\">Proposta Pontual 3<\/a><\/p>\n<p><a href=\"http:\/\/ccs2.ufpel.edu.br\/wp\/wp-content\/uploads\/2014\/09\/PROPOSTA-Estatuinte-3.pdf\">PROPOSTA Estatuinte 3<\/a><\/p>\n<p><a href=\"https:\/\/wp.ufpel.edu.br\/constituinte\/files\/2014\/09\/Forum-Estatuinte-Metodologia-Congresso-09-11_final-1.pdf\">Forum Estatuinte &#8211; Metodologia Congresso-09-11_final (1)<\/a><\/p>\n","protected":false},"excerpt":{"rendered":"<p>Em cumprimento \u00e0 delibera\u00e7\u00e3o do Conselho Universit\u00e1rio (Consun), na reuni\u00e3o de 1\u00b0 de setembro, a Coordena\u00e7\u00e3o de Processos Participativos (CPP) est\u00e1 disponibilizando as propostas apresentadas, referentes \u00e0 metodologia para o processo de Constituinte Universit\u00e1ria da UFPel. De acordo com a delibera\u00e7\u00e3o do Conselho, outras propostas integrais ou parciais poder\u00e3o ser encaminhadas \u00e0 Coordena\u00e7\u00e3o de Processos [&hellip;]<\/p>\n","protected":false},"author":413,"featured_media":0,"comment_status":"closed","ping_status":"closed","sticky":false,"template":"","format":"standard","meta":{"footnotes":""},"categories":[18],"tags":[],"class_list":["post-238","post","type-post","status-publish","format-standard","hentry","category-sem-categoria"],"jetpack_featured_media_url":"","_links":{"self":[{"href":"https:\/\/wp.ufpel.edu.br\/constituinte\/wp-json\/wp\/v2\/posts\/238","targetHints":{"allow":["GET"]}}],"collection":[{"href":"https:\/\/wp.ufpel.edu.br\/constituinte\/wp-json\/wp\/v2\/posts"}],"about":[{"href":"https:\/\/wp.ufpel.edu.br\/constituinte\/wp-json\/wp\/v2\/types\/post"}],"author":[{"embeddable":true,"href":"https:\/\/wp.ufpel.edu.br\/constituinte\/wp-json\/wp\/v2\/users\/413"}],"replies":[{"embeddable":true,"href":"https:\/\/wp.ufpel.edu.br\/constituinte\/wp-json\/wp\/v2\/comments?post=238"}],"version-history":[{"count":7,"href":"https:\/\/wp.ufpel.edu.br\/constituinte\/wp-json\/wp\/v2\/posts\/238\/revisions"}],"predecessor-version":[{"id":254,"href":"https:\/\/wp.ufpel.edu.br\/constituinte\/wp-json\/wp\/v2\/posts\/238\/revisions\/254"}],"wp:attachment":[{"href":"https:\/\/wp.ufpel.edu.br\/constituinte\/wp-json\/wp\/v2\/media?parent=238"}],"wp:term":[{"taxonomy":"category","embeddable":true,"href":"https:\/\/wp.ufpel.edu.br\/constituinte\/wp-json\/wp\/v2\/categories?post=238"},{"taxonomy":"post_tag","embeddable":true,"href":"https:\/\/wp.ufpel.edu.br\/constituinte\/wp-json\/wp\/v2\/tags?post=238"}],"curies":[{"name":"wp","href":"https:\/\/api.w.org\/{rel}","templated":true}]}}