{"id":231,"date":"2014-08-27T12:42:20","date_gmt":"2014-08-27T15:42:20","guid":{"rendered":"https:\/\/wp.ufpel.edu.br\/constituinte\/?p=231"},"modified":"2014-08-27T12:42:20","modified_gmt":"2014-08-27T15:42:20","slug":"comunidade-debate-metodologia-da-constituinte","status":"publish","type":"post","link":"https:\/\/wp.ufpel.edu.br\/constituinte\/2014\/08\/27\/comunidade-debate-metodologia-da-constituinte\/","title":{"rendered":"Comunidade debate metodologia da Constituinte"},"content":{"rendered":"<p style=\"text-align: justify\"><a href=\"https:\/\/wp.ufpel.edu.br\/constituinte\/files\/2014\/08\/DSC_9822.jpg\"><img class=\"alignnone size-medium wp-image-232\" src=\"https:\/\/wp.ufpel.edu.br\/constituinte\/files\/2014\/08\/DSC_9822-424x280.jpg\" alt=\"DSC_9822\" width=\"424\" height=\"280\" srcset=\"https:\/\/wp.ufpel.edu.br\/constituinte\/files\/2014\/08\/DSC_9822-424x280.jpg 424w, https:\/\/wp.ufpel.edu.br\/constituinte\/files\/2014\/08\/DSC_9822-212x140.jpg 212w, https:\/\/wp.ufpel.edu.br\/constituinte\/files\/2014\/08\/DSC_9822.jpg 1631w\" sizes=\"(max-width: 424px) 100vw, 424px\" \/><\/a> A metodologia da Constituinte Universit\u00e1ria foi o alvo de reuni\u00e3o da comunidade da UFPel, nesta ter\u00e7a-feira (26) \u00e0 noite, no Gin\u00e1sio da AABB. O encontro objetivou esclarecer os segmentos da Universidade sobre a proposta de m\u00e9todo que dever\u00e1 ser votada pelo Conselho Universit\u00e1rio nesta segunda-feira (1\u00ba). Esta quinta-feira (28) \u00e9 o dia reservado aos encontros nas unidades acad\u00eamicas, com a mesma pauta.<\/p>\n<p style=\"text-align: justify\">A proposta em aprecia\u00e7\u00e3o \u00e9 fruto de consenso entre outras apresentadas pelos professores Sidney Vieira, do ICH, e Ricardo Fiegenbaum, do Centro de Letras e Comunica\u00e7\u00e3o, que formaram a mesa do encontro desta ter\u00e7a com o reitor Mauro Del Pino e com representantes do F\u00f3rum pela Estatuinte Democr\u00e1tica e Soberana. Os questionamentos do p\u00fablico foram respondidos basicamente pelos dois professores.<\/p>\n<p style=\"text-align: justify\">\u201c\u00c9 um grande contentamento poder levar adiante este processo de reestrutura\u00e7\u00e3o da UFPel\u201d, disse o reitor em sua fala, lembrando que a Constituinte foi proposta de campanha da atual Gest\u00e3o. Del Pino recordou que tanto o Estatuto quanto o Regimento t\u00eam a idade da Universidade, 45 anos, e o Projeto Pedag\u00f3gico 23 anos, o que demanda atualiza\u00e7\u00e3o dos textos. \u201cA comunidade universit\u00e1ria deve ser protagonista neste processo, com o Consun homologando a vontade de todos\u201d, observou o reitor.<\/p>\n<p style=\"text-align: justify\">Del Pino ressaltou que, para fazer todo este trabalho, \u00e9 preciso um m\u00e9todo, que deve ser amplamente discutido, o que se busca fazer neste momento de encontros com a comunidade. Ele lembrou tudo que foi realizado, desde o ano passado, na constru\u00e7\u00e3o de uma proposta de metodologia. \u201cNestes dias de debates e esclarecimentos, estaremos tamb\u00e9m registrando sugest\u00f5es\u201d, disse o reitor.<\/p>\n<p style=\"text-align: justify\">Ap\u00f3s a manifesta\u00e7\u00e3o do reitor, o p\u00fablico assistiu a uma apresenta\u00e7\u00e3o com um hist\u00f3rico do processo desde 2013, o que \u00e9 Constituinte e por que faz\u00ea-la e com os principais pontos da proposta. Veja a apresenta\u00e7\u00e3o, conduzida no encontro pelo coordenador de Processos Participativos, S\u00e9rgio Cassal, no arquivo\u00a0<a href=\"http:\/\/ccs2.ufpel.edu.br\/wp\/wp-content\/uploads\/2014\/08\/Constituinte-Apresentacao.pdf\">Constituinte-Apresentacao<\/a>\u00a0 .<\/p>\n<p style=\"text-align: justify\">Presentes na mesa do evento e na plateia, os representantes do F\u00f3rum pela Estatuinte Democr\u00e1tica e Soberana manifestaram-se afirmando que defendem princ\u00edpios como o Consun somente referendar o que for decidido pela comunidade, que o processo seja no m\u00ednimo parit\u00e1rio, com democratiza\u00e7\u00e3o da informa\u00e7\u00e3o e participa\u00e7\u00e3o ampla da comunidade, que afirmam deva ser a protagonista em todo o trabalho.<\/p>\n<p style=\"text-align: justify\">Na segunda parte do encontro, foi aberto espa\u00e7o para perguntas, feitas em blocos e respondidas pela mesa.<\/p>\n<p style=\"text-align: justify\"><strong>Nas unidades<\/strong><\/p>\n<p style=\"text-align: justify\">Sugest\u00f5es e novas proposi\u00e7\u00f5es sobre a metodologia da Constituinte, que eventualmente surgirem nas reuni\u00f5es que as unidades acad\u00eamicas promovem quinta-feira, devem ser encaminhadas at\u00e9 as 16h desta sexta-feira (29), \u00e0 Coordena\u00e7\u00e3o de Processos Participativos ou ao Gabinete da Reitoria, no Campus Porto (Anglo).<\/p>\n<p style=\"text-align: justify\">As unidades sediadas no campus Cap\u00e3o do Le\u00e3o decidiram realizar um encontro conjunto \u00e0s 14h, no audit\u00f3rio da Faculdade de Agronomia. J\u00e1 as unidades do campus Porto se reunir\u00e3o na quinta-feira pela manh\u00e3, \u00e0s 9h, no audit\u00f3rio da Reitoria (4\u00ba andar). Algumas unidades far\u00e3o encontros pr\u00f3prios. Informe-se em sua unidade sobre o tema.<\/p>\n","protected":false},"excerpt":{"rendered":"<p>A metodologia da Constituinte Universit\u00e1ria foi o alvo de reuni\u00e3o da comunidade da UFPel, nesta ter\u00e7a-feira (26) \u00e0 noite, no Gin\u00e1sio da AABB. O encontro objetivou esclarecer os segmentos da Universidade sobre a proposta de m\u00e9todo que dever\u00e1 ser votada pelo Conselho Universit\u00e1rio nesta segunda-feira (1\u00ba). Esta quinta-feira (28) \u00e9 o dia reservado aos encontros [&hellip;]<\/p>\n","protected":false},"author":413,"featured_media":0,"comment_status":"closed","ping_status":"closed","sticky":false,"template":"","format":"standard","meta":{"footnotes":""},"categories":[18],"tags":[],"class_list":["post-231","post","type-post","status-publish","format-standard","hentry","category-sem-categoria"],"jetpack_featured_media_url":"","_links":{"self":[{"href":"https:\/\/wp.ufpel.edu.br\/constituinte\/wp-json\/wp\/v2\/posts\/231","targetHints":{"allow":["GET"]}}],"collection":[{"href":"https:\/\/wp.ufpel.edu.br\/constituinte\/wp-json\/wp\/v2\/posts"}],"about":[{"href":"https:\/\/wp.ufpel.edu.br\/constituinte\/wp-json\/wp\/v2\/types\/post"}],"author":[{"embeddable":true,"href":"https:\/\/wp.ufpel.edu.br\/constituinte\/wp-json\/wp\/v2\/users\/413"}],"replies":[{"embeddable":true,"href":"https:\/\/wp.ufpel.edu.br\/constituinte\/wp-json\/wp\/v2\/comments?post=231"}],"version-history":[{"count":2,"href":"https:\/\/wp.ufpel.edu.br\/constituinte\/wp-json\/wp\/v2\/posts\/231\/revisions"}],"predecessor-version":[{"id":235,"href":"https:\/\/wp.ufpel.edu.br\/constituinte\/wp-json\/wp\/v2\/posts\/231\/revisions\/235"}],"wp:attachment":[{"href":"https:\/\/wp.ufpel.edu.br\/constituinte\/wp-json\/wp\/v2\/media?parent=231"}],"wp:term":[{"taxonomy":"category","embeddable":true,"href":"https:\/\/wp.ufpel.edu.br\/constituinte\/wp-json\/wp\/v2\/categories?post=231"},{"taxonomy":"post_tag","embeddable":true,"href":"https:\/\/wp.ufpel.edu.br\/constituinte\/wp-json\/wp\/v2\/tags?post=231"}],"curies":[{"name":"wp","href":"https:\/\/api.w.org\/{rel}","templated":true}]}}