{"id":202,"date":"2014-08-18T17:50:25","date_gmt":"2014-08-18T20:50:25","guid":{"rendered":"https:\/\/wp.ufpel.edu.br\/constituinte\/?p=202"},"modified":"2014-08-21T16:31:23","modified_gmt":"2014-08-21T19:31:23","slug":"confira-aqui-a-proposta-de-metodologia-de-constituinte","status":"publish","type":"post","link":"https:\/\/wp.ufpel.edu.br\/constituinte\/2014\/08\/18\/confira-aqui-a-proposta-de-metodologia-de-constituinte\/","title":{"rendered":"Confira aqui a proposta de Metodologia de Constituinte"},"content":{"rendered":"<p>Uma comiss\u00e3o elaborou proposta de consenso sobre a metodologia que ser\u00e1 submetida ao CONSUN, visando o processo constituinte da UFPel. A proposta foi apresentada a representa\u00e7\u00f5es da comunidade acad\u00eamica.<\/p>\n<p>O documento que regulamenta o processo de elabora\u00e7\u00e3o do Projeto Pedag\u00f3gico Institucional, do Estatuto e do Regimento Geral da UFPel, foi constru\u00eddo a partir das propostas apresentadas junto ao Conselho Universit\u00e1rio pela gest\u00e3o da Universidade e pelos professores Sidney Gon\u00e7alves Vieira, do ICH, e Ricardo\u00a0Fiegenbaum, do CLC.<\/p>\n<p>A comiss\u00e3o, durante visitas a representa\u00e7\u00f5es da comunidade, realizadas em junho, anotou sugest\u00f5es e tentou dirimir d\u00favidas. \u201cA ideia \u00e9 divulgar a proposta, ampliando as discuss\u00f5es\u201d, observou a assessora da Reitoria, professora Lorena Almeida Gill.<\/p>\n<p>A comunidade universit\u00e1ria ter\u00e1 a oportunidade de debater a proposta na ter\u00e7a-feira, dia 26 de agosto, \u00e0s 19h, no Gin\u00e1sio da AABB. Para tanto, as atividades acad\u00eamicas ser\u00e3o suspensas a partir das 18h deste dia.<\/p>\n<p><a title=\"PDF (501 kB)\" href=\"http:\/\/ccs2.ufpel.edu.br\/wp\/wp-content\/uploads\/2014\/07\/Constituinte-Universitaria-%E2%80%93-Proposta-de-Regulamento-de-Constituinte.pdf\"><img src=\"http:\/\/ccs2.ufpel.edu.br\/wp\/wp-content\/plugins\/eg-attachments\/img\/flags\/pdf.png\" alt=\"Constituinte Universit\u00e1ria \u2013 Proposta de Regulamento de Constituinte\" width=\"32px\" height=\"32px\" \/><\/a><\/p>\n<div><a title=\"PDF (501 kB)\" href=\"http:\/\/ccs2.ufpel.edu.br\/wp\/wp-content\/uploads\/2014\/07\/Constituinte-Universitaria-%E2%80%93-Proposta-de-Regulamento-de-Constituinte.pdf\">Constituinte Universit\u00e1ria \u2013 Proposta de Regulamento de Constituinte<\/a><\/div>\n","protected":false},"excerpt":{"rendered":"<p>Uma comiss\u00e3o elaborou proposta de consenso sobre a metodologia que ser\u00e1 submetida ao CONSUN, visando o processo constituinte da UFPel. A proposta foi apresentada a representa\u00e7\u00f5es da comunidade acad\u00eamica. O documento que regulamenta o processo de elabora\u00e7\u00e3o do Projeto Pedag\u00f3gico Institucional, do Estatuto e do Regimento Geral da UFPel, foi constru\u00eddo a partir das propostas [&hellip;]<\/p>\n","protected":false},"author":413,"featured_media":0,"comment_status":"closed","ping_status":"closed","sticky":false,"template":"","format":"standard","meta":{"footnotes":""},"categories":[18],"tags":[],"class_list":["post-202","post","type-post","status-publish","format-standard","hentry","category-sem-categoria"],"jetpack_featured_media_url":"","_links":{"self":[{"href":"https:\/\/wp.ufpel.edu.br\/constituinte\/wp-json\/wp\/v2\/posts\/202","targetHints":{"allow":["GET"]}}],"collection":[{"href":"https:\/\/wp.ufpel.edu.br\/constituinte\/wp-json\/wp\/v2\/posts"}],"about":[{"href":"https:\/\/wp.ufpel.edu.br\/constituinte\/wp-json\/wp\/v2\/types\/post"}],"author":[{"embeddable":true,"href":"https:\/\/wp.ufpel.edu.br\/constituinte\/wp-json\/wp\/v2\/users\/413"}],"replies":[{"embeddable":true,"href":"https:\/\/wp.ufpel.edu.br\/constituinte\/wp-json\/wp\/v2\/comments?post=202"}],"version-history":[{"count":4,"href":"https:\/\/wp.ufpel.edu.br\/constituinte\/wp-json\/wp\/v2\/posts\/202\/revisions"}],"predecessor-version":[{"id":213,"href":"https:\/\/wp.ufpel.edu.br\/constituinte\/wp-json\/wp\/v2\/posts\/202\/revisions\/213"}],"wp:attachment":[{"href":"https:\/\/wp.ufpel.edu.br\/constituinte\/wp-json\/wp\/v2\/media?parent=202"}],"wp:term":[{"taxonomy":"category","embeddable":true,"href":"https:\/\/wp.ufpel.edu.br\/constituinte\/wp-json\/wp\/v2\/categories?post=202"},{"taxonomy":"post_tag","embeddable":true,"href":"https:\/\/wp.ufpel.edu.br\/constituinte\/wp-json\/wp\/v2\/tags?post=202"}],"curies":[{"name":"wp","href":"https:\/\/api.w.org\/{rel}","templated":true}]}}