{"id":199,"date":"2014-08-07T11:50:57","date_gmt":"2014-08-07T14:50:57","guid":{"rendered":"https:\/\/wp.ufpel.edu.br\/constituinte\/?p=199"},"modified":"2014-08-18T17:52:50","modified_gmt":"2014-08-18T20:52:50","slug":"proximo-debate-sera-no-dia-19","status":"publish","type":"post","link":"https:\/\/wp.ufpel.edu.br\/constituinte\/2014\/08\/07\/proximo-debate-sera-no-dia-19\/","title":{"rendered":"Pr\u00f3ximo debate ser\u00e1 no dia 19"},"content":{"rendered":"<p>A Coordena\u00e7\u00e3o de Processos Participativos (CPP) est\u00e1 informando o pr\u00f3ximo debate sobre os temas que envolvem a Constituinte Universit\u00e1ria.<\/p>\n<p>Tema: O Perfil do Docente e do T\u00e9cnico Administrativo em Educa\u00e7\u00e3o e a Pol\u00edtica de Desenvolvimento Profissional.<\/p>\n<p>Data: 19 de agosto, ter\u00e7a-feira<\/p>\n<p>Hora: 19h<\/p>\n<p>Local: Audit\u00f3rio da Faculdade de Direito<\/p>\n<p>Palestrantes: Hilbert David (IF Sul-Riograndense) e Gibran Jord\u00e3o (FASUBRA), ambos confirmados.<\/p>\n<p>Na continuidade, encerrado este ciclo de debates tem\u00e1ticos, est\u00e3o previstas as seguintes atividades, aprovadas pelo Conselho Universit\u00e1rio:<\/p>\n<p>De 18 a 22.08 \u2013 Mobiliza\u00e7\u00e3o da Comunidade, com ampla divulga\u00e7\u00e3o das atividades relacionadas \u00e0 Constituinte Universit\u00e1ria.<\/p>\n<p>Dia 26.08 \u2013 (ter\u00e7a-feira) \u2013 Debate da Comunidade Acad\u00eamica sobre Metodologia do Processo Constituinte<\/p>\n<p>Local : Gin\u00e1sio da AABB, \u00e0s 19h, com suspens\u00e3o das atividades na UFPel.<\/p>\n<p>Dia 28.08 \u2013 (quinta-feira) \u2013 Debates sobre Metodologia do Processo Constituinte, nas Unidades Acad\u00eamicas em turno e hor\u00e1rio a ser definido em cada uma delas, devendo ser suspensas as atividades.<\/p>\n<p>Dia 01.09 \u2013 (segunda-feira) \u2013 Reuni\u00e3o do Conselho Universit\u00e1rio para apreciar a proposta de Metodologia do Processo Constituinte.<\/p>\n","protected":false},"excerpt":{"rendered":"<p>A Coordena\u00e7\u00e3o de Processos Participativos (CPP) est\u00e1 informando o pr\u00f3ximo debate sobre os temas que envolvem a Constituinte Universit\u00e1ria. Tema: O Perfil do Docente e do T\u00e9cnico Administrativo em Educa\u00e7\u00e3o e a Pol\u00edtica de Desenvolvimento Profissional. Data: 19 de agosto, ter\u00e7a-feira Hora: 19h Local: Audit\u00f3rio da Faculdade de Direito Palestrantes: Hilbert David (IF Sul-Riograndense) e [&hellip;]<\/p>\n","protected":false},"author":413,"featured_media":0,"comment_status":"closed","ping_status":"closed","sticky":false,"template":"","format":"standard","meta":{"footnotes":""},"categories":[18],"tags":[],"class_list":["post-199","post","type-post","status-publish","format-standard","hentry","category-sem-categoria"],"jetpack_featured_media_url":"","_links":{"self":[{"href":"https:\/\/wp.ufpel.edu.br\/constituinte\/wp-json\/wp\/v2\/posts\/199","targetHints":{"allow":["GET"]}}],"collection":[{"href":"https:\/\/wp.ufpel.edu.br\/constituinte\/wp-json\/wp\/v2\/posts"}],"about":[{"href":"https:\/\/wp.ufpel.edu.br\/constituinte\/wp-json\/wp\/v2\/types\/post"}],"author":[{"embeddable":true,"href":"https:\/\/wp.ufpel.edu.br\/constituinte\/wp-json\/wp\/v2\/users\/413"}],"replies":[{"embeddable":true,"href":"https:\/\/wp.ufpel.edu.br\/constituinte\/wp-json\/wp\/v2\/comments?post=199"}],"version-history":[{"count":2,"href":"https:\/\/wp.ufpel.edu.br\/constituinte\/wp-json\/wp\/v2\/posts\/199\/revisions"}],"predecessor-version":[{"id":204,"href":"https:\/\/wp.ufpel.edu.br\/constituinte\/wp-json\/wp\/v2\/posts\/199\/revisions\/204"}],"wp:attachment":[{"href":"https:\/\/wp.ufpel.edu.br\/constituinte\/wp-json\/wp\/v2\/media?parent=199"}],"wp:term":[{"taxonomy":"category","embeddable":true,"href":"https:\/\/wp.ufpel.edu.br\/constituinte\/wp-json\/wp\/v2\/categories?post=199"},{"taxonomy":"post_tag","embeddable":true,"href":"https:\/\/wp.ufpel.edu.br\/constituinte\/wp-json\/wp\/v2\/tags?post=199"}],"curies":[{"name":"wp","href":"https:\/\/api.w.org\/{rel}","templated":true}]}}