{"id":159,"date":"2014-07-14T11:41:06","date_gmt":"2014-07-14T14:41:06","guid":{"rendered":"https:\/\/wp.ufpel.edu.br\/constituinte\/?p=159"},"modified":"2014-07-14T11:42:20","modified_gmt":"2014-07-14T14:42:20","slug":"ciclo-de-debates-sobre-a-constituinte-tem-sequencia-nesta-terca15","status":"publish","type":"post","link":"https:\/\/wp.ufpel.edu.br\/constituinte\/2014\/07\/14\/ciclo-de-debates-sobre-a-constituinte-tem-sequencia-nesta-terca15\/","title":{"rendered":"Ciclo de Debates sobre a Constituinte tem sequ\u00eancia nesta ter\u00e7a(15)"},"content":{"rendered":"<p><a href=\"https:\/\/wp.ufpel.edu.br\/constituinte\/files\/2014\/07\/constituinte-120x120.jpg\"><img class=\"alignnone size-full wp-image-161\" src=\"https:\/\/wp.ufpel.edu.br\/constituinte\/files\/2014\/07\/constituinte-120x120.jpg\" alt=\"constituinte-120x120\" width=\"120\" height=\"120\" \/><\/a>Tem continuidade nesta ter\u00e7a-feira(15), \u00e0s 19h, no Audit\u00f3rio da Faculdade de Direito, o Ciclo de Debates sobre a Constituinte Universit\u00e1ria. O tema ser\u00e1 <strong>A Estrutura Universit\u00e1ria e a Democratiza\u00e7\u00e3o da Gest\u00e3o Frente \u00e0 Concep\u00e7\u00e3o de Forma\u00e7\u00e3o Acad\u00eamica<\/strong>, a ser desenvolvido pelos conceituado docentes <strong>Dermeval Saviani<\/strong> (Unicamp) e <strong>Roberto Leher<\/strong> (UFRJ).<\/p>\n<p><strong>Dermeval Saviani<\/strong> possui gradua\u00e7\u00e3o em Filosofia (1966) e doutorado em Filosofia da Educa\u00e7\u00e3o, ambos pela Pontif\u00edcia Universidade Cat\u00f3lica de S\u00e3o Paulo (1971). Em 1986 obteve o t\u00edtulo de livre-docente; em 1990 foi aprovado no Concurso P\u00fablico de Professor Adjunto de Hist\u00f3ria da Educa\u00e7\u00e3o da Unicamp; e em 1993 foi aprovado no Concurso P\u00fablico de Professor Titular de Hist\u00f3ria da Educa\u00e7\u00e3o da Unicamp. \u00c9 professor aposentado da Universidade Estadual de Campinas,\u00a0 onde atualmente atua em pesquisa e desenvolvimento, ensino. Professor Em\u00e9rito da Unicamp, Pesquisador Em\u00e9rito do CNPq e coordenador geral do Grupo de Estudos e Pesquisas &#8220;Hist\u00f3ria, Sociedade e Educa\u00e7\u00e3o no Brasil&#8221; (HISTEDBR), tem experi\u00eancia na \u00e1rea de Educa\u00e7\u00e3o, com \u00eanfase em Filosofia e Hist\u00f3ria da Educa\u00e7\u00e3o, atuando principalmente nos seguintes temas: educa\u00e7\u00e3o brasileira, legisla\u00e7\u00e3o do ensino e pol\u00edtica educacional, hist\u00f3ria da educa\u00e7\u00e3o, hist\u00f3ria da educa\u00e7\u00e3o brasileira, historiografia e educa\u00e7\u00e3o, hist\u00f3ria da escola p\u00fablica, pedagogia e teorias da educa\u00e7\u00e3o.<\/p>\n<p>Entre seus projetos de pesquisa, figuram: Reconstru\u00e7\u00e3o hist\u00f3rica da escola p\u00fablica no Brasil (1870-1996), O espa\u00e7o acad\u00eamico da pedagogia no Brasil: perspectiva hist\u00f3rica e te\u00f3rica, Hist\u00f3ria das Id\u00e9ias Pedag\u00f3gicas no Brasil, e A nova Lei de Diretrizes e Bases da Educa\u00e7\u00e3o Nacional,<\/p>\n<p><strong>Roberto Leher<\/strong> \u00e9 Professor Titular da Faculdade de Educa\u00e7\u00e3o e do Programa de P\u00f3s-Gradua\u00e7\u00e3o em Educa\u00e7\u00e3o da Universidade Federal do Rio de Janeiro (UFRJ) na linha Pol\u00edticas e Institui\u00e7\u00f5es Educacionais. Licenciado em Ci\u00eancias Biol\u00f3gicas pela UFRJ (1984), mestre em Educa\u00e7\u00e3o pela Universidade Federal Fluminense (1989) e doutor em Educa\u00e7\u00e3o pela Universidade de S\u00e3o Paulo (1998). Desenvolve pesquisa em pol\u00edticas p\u00fablicas em educa\u00e7\u00e3o, com \u00eanfase em educa\u00e7\u00e3o superior e organismos internacionais e na \u00e1rea trabalho, educa\u00e7\u00e3o e movimentos sociais. Coordenou a se\u00e7\u00e3o Brasil do Observat\u00f3rio Social da Am\u00e9rica Latina do Conselho Latino-Americano de Ci\u00eancias Sociais (CLACSO) 2002-2012.<\/p>\n<p>Entre 2004 e 2009 coordenou o &#8220;Outro Brasil &#8211; Projeto Acompanhamento e An\u00e1lise da Conjuntura Brasileira&#8221;, auspiciado pelo Instituto Rosa Luxemburgo. No per\u00edodo 2004-2007 coordenou o Grupo de Trabalho &#8220;Universidad y Sociedad&#8221; do Conselho Latino-Americano de Ci\u00eancias Sociais (CLACSO). \u00c9 professor colaborador da Escola Nacional Florestan Fernandes,.representante eleito dos Professores Titulares do CFCH-UFRJ no Conselho Universit\u00e1rio da UFRJ (2013-2017). Bolsista S\u00eanior da C\u00e1tedra sobre desenvolvimento IPEA-CAPES (2011 e 2012) e pesquisador do CNPq.<\/p>\n","protected":false},"excerpt":{"rendered":"<p>Tem continuidade nesta ter\u00e7a-feira(15), \u00e0s 19h, no Audit\u00f3rio da Faculdade de Direito, o Ciclo de Debates sobre a Constituinte Universit\u00e1ria. O tema ser\u00e1 A Estrutura Universit\u00e1ria e a Democratiza\u00e7\u00e3o da Gest\u00e3o Frente \u00e0 Concep\u00e7\u00e3o de Forma\u00e7\u00e3o Acad\u00eamica, a ser desenvolvido pelos conceituado docentes Dermeval Saviani (Unicamp) e Roberto Leher (UFRJ). Dermeval Saviani possui gradua\u00e7\u00e3o em [&hellip;]<\/p>\n","protected":false},"author":413,"featured_media":0,"comment_status":"closed","ping_status":"closed","sticky":false,"template":"","format":"standard","meta":{"footnotes":""},"categories":[18],"tags":[],"class_list":["post-159","post","type-post","status-publish","format-standard","hentry","category-sem-categoria"],"jetpack_featured_media_url":"","_links":{"self":[{"href":"https:\/\/wp.ufpel.edu.br\/constituinte\/wp-json\/wp\/v2\/posts\/159","targetHints":{"allow":["GET"]}}],"collection":[{"href":"https:\/\/wp.ufpel.edu.br\/constituinte\/wp-json\/wp\/v2\/posts"}],"about":[{"href":"https:\/\/wp.ufpel.edu.br\/constituinte\/wp-json\/wp\/v2\/types\/post"}],"author":[{"embeddable":true,"href":"https:\/\/wp.ufpel.edu.br\/constituinte\/wp-json\/wp\/v2\/users\/413"}],"replies":[{"embeddable":true,"href":"https:\/\/wp.ufpel.edu.br\/constituinte\/wp-json\/wp\/v2\/comments?post=159"}],"version-history":[{"count":2,"href":"https:\/\/wp.ufpel.edu.br\/constituinte\/wp-json\/wp\/v2\/posts\/159\/revisions"}],"predecessor-version":[{"id":162,"href":"https:\/\/wp.ufpel.edu.br\/constituinte\/wp-json\/wp\/v2\/posts\/159\/revisions\/162"}],"wp:attachment":[{"href":"https:\/\/wp.ufpel.edu.br\/constituinte\/wp-json\/wp\/v2\/media?parent=159"}],"wp:term":[{"taxonomy":"category","embeddable":true,"href":"https:\/\/wp.ufpel.edu.br\/constituinte\/wp-json\/wp\/v2\/categories?post=159"},{"taxonomy":"post_tag","embeddable":true,"href":"https:\/\/wp.ufpel.edu.br\/constituinte\/wp-json\/wp\/v2\/tags?post=159"}],"curies":[{"name":"wp","href":"https:\/\/api.w.org\/{rel}","templated":true}]}}