{"id":776,"date":"2023-07-10T21:00:42","date_gmt":"2023-07-11T00:00:42","guid":{"rendered":"https:\/\/wp.ufpel.edu.br\/conservatoriodemusica\/?p=776"},"modified":"2023-07-10T21:00:42","modified_gmt":"2023-07-11T00:00:42","slug":"pianista-em-recital-solo-no-conservatorio-de-musica-rodolfo-faistauer","status":"publish","type":"post","link":"https:\/\/wp.ufpel.edu.br\/conservatoriodemusica\/2023\/07\/10\/pianista-em-recital-solo-no-conservatorio-de-musica-rodolfo-faistauer\/","title":{"rendered":"Pianista em Recital Solo no Conservat\u00f3rio de M\u00fasica &#8211; RODOLFO FAISTAUER"},"content":{"rendered":"<p><img loading=\"lazy\" decoding=\"async\" class=\"size-medium wp-image-775\" src=\"https:\/\/wp.ufpel.edu.br\/conservatoriodemusica\/files\/2023\/07\/Cartaz-Rodolfo-Faistauer-2023-424x300.jpeg\" alt=\"\" width=\"424\" height=\"300\" srcset=\"https:\/\/wp.ufpel.edu.br\/conservatoriodemusica\/files\/2023\/07\/Cartaz-Rodolfo-Faistauer-2023-424x300.jpeg 424w, https:\/\/wp.ufpel.edu.br\/conservatoriodemusica\/files\/2023\/07\/Cartaz-Rodolfo-Faistauer-2023-212x150.jpeg 212w, https:\/\/wp.ufpel.edu.br\/conservatoriodemusica\/files\/2023\/07\/Cartaz-Rodolfo-Faistauer-2023-768x543.jpeg 768w, https:\/\/wp.ufpel.edu.br\/conservatoriodemusica\/files\/2023\/07\/Cartaz-Rodolfo-Faistauer-2023-1536x1086.jpeg 1536w, https:\/\/wp.ufpel.edu.br\/conservatoriodemusica\/files\/2023\/07\/Cartaz-Rodolfo-Faistauer-2023.jpeg 1600w\" sizes=\"auto, (max-width: 424px) 100vw, 424px\" \/><\/p>\n<p>O pianista ga\u00facho Rodolfo Faistauer vem se apresentando<br \/>\nem recitais na Europa, Brasil e Estados Unidos.<br \/>\nRecentemente tocou na Embaixada do Brasil em Paris, Salle<br \/>\nd\u2019orchestre do Conservat\u00f3rio de Strasbourg e Barnes Hall<br \/>\nna Cornell University. Tamb\u00e9m recebeu a Fellowship do<br \/>\ntradicional Gilmore Piano Festival, em Michigan, e<br \/>\nparticipou da Academia de pianos hist\u00f3ricos do Westfield<br \/>\nCenter for Historical Keyboard Studies em parceria com a<br \/>\nCornell University. Sua grava\u00e7\u00e3o recente para o selo<br \/>\nCoviello Classics (Darmstadt) ser\u00e1 publicada ainda neste<br \/>\nano dentro do projeto da grava\u00e7\u00e3o da obra completa para<br \/>\npiano do compositor franc\u00eas Hugues Dufourt, fundador do<br \/>\nmovimento da m\u00fasica espectral nos anos 1970.<\/p>\n<p>Rodolfo \u00e9 doutor em piano pela Northwestern University,<br \/>\nem Chicago, onde atualmente \u00e9 professor de Literatura do<br \/>\nPiano. Na Northwestern, foi aluno de James Giles e recebeu<br \/>\no Pr\u00eamio Alvia and Helen Cottongim de excel\u00eancia musical<br \/>\ne acad\u00eamica. Em sua tese, estudou o impacto da tradi\u00e7\u00e3o<br \/>\nmusical do s\u00e9culo XVIII na obra de Franz Schubert a partir<br \/>\nde tratados de composi\u00e7\u00e3o e interpreta\u00e7\u00e3o da \u00e9poca. Um<br \/>\nartigo decorrente dessa pesquisa foi publicado em outubro<br \/>\nde 2022 no Ad Parnassum Journal na It\u00e1lia.<br \/>\nRodolfo iniciou seus estudos musicais com Maria Luiza<br \/>\nCoelho e Gabriel Victora. Foi aluno de Dirce Knijnik em<br \/>\nPorto Alegre e concluiu sua gradua\u00e7\u00e3o em piano na<br \/>\nUniversidade Federal do Rio Grande do Sul com Cristina<br \/>\nCapparelli. Deu sequ\u00eancia a seus estudos na Europa, onde<br \/>\nfoi aluno de Amy Lin na Academia Superior de M\u00fasica de<br \/>\nStrasbourg e de Margarita H\u00f6henrieder na Escola Superior<br \/>\nde M\u00fasica de Munique com bolsa do Programa Erasmus da<br \/>\nUni\u00e3o Europeia e da Regi\u00e3o Als\u00e1cia. Ainda na Europa,<br \/>\nrecebeu conselhos de Cristina Ortiz e D\u00e9bora Hal\u00e1sz.<\/p>\n<p>Programa<br \/>\nFr\u00e9d\u00e9ric Chopin (1810-1849):<br \/>\nNoturno Op. 55 no. 2 em Mi<br \/>\nbemol maior.<br \/>\nL. V. Beethoven (1770-1827):<br \/>\nSonata para piano em l\u00e1 bemol<br \/>\nmaior, Op. 110<br \/>\n&#8211; Moderato Cantabile<br \/>\n&#8211; Allegro Molto<br \/>\n&#8211; Adagio ma non troppo<br \/>\n&#8211; Fuga: Allegro ma non troppo<br \/>\nIntervalo<br \/>\nHeitor Villa-Lobos<br \/>\n(1887-1959): Choros no. 5,<br \/>\n\u201cAlma Brasileira\u201d<br \/>\nC\u00e9sar Guerra-Peixe<br \/>\n(1914-1993): Sonata para<br \/>\npiano no. 2<br \/>\nI: Vivace<br \/>\nII: Largo<br \/>\nIII: Allegro<\/p>\n<p>Coordena\u00e7\u00e3o: Prof. Germano Mayer<\/p>\n","protected":false},"excerpt":{"rendered":"<p>O pianista ga\u00facho Rodolfo Faistauer vem se apresentando em recitais na Europa, Brasil e Estados Unidos. Recentemente tocou na Embaixada do Brasil em Paris, Salle d\u2019orchestre do Conservat\u00f3rio de Strasbourg e Barnes Hall na Cornell University. Tamb\u00e9m recebeu a Fellowship &hellip; <a href=\"https:\/\/wp.ufpel.edu.br\/conservatoriodemusica\/2023\/07\/10\/pianista-em-recital-solo-no-conservatorio-de-musica-rodolfo-faistauer\/\">Continue lendo <span class=\"meta-nav\">&rarr;<\/span><\/a><\/p>\n","protected":false},"author":668,"featured_media":0,"comment_status":"closed","ping_status":"closed","sticky":false,"template":"","format":"standard","meta":{"footnotes":""},"categories":[1],"tags":[],"class_list":["post-776","post","type-post","status-publish","format-standard","hentry","category-noticias"],"jetpack_featured_media_url":"","_links":{"self":[{"href":"https:\/\/wp.ufpel.edu.br\/conservatoriodemusica\/wp-json\/wp\/v2\/posts\/776","targetHints":{"allow":["GET"]}}],"collection":[{"href":"https:\/\/wp.ufpel.edu.br\/conservatoriodemusica\/wp-json\/wp\/v2\/posts"}],"about":[{"href":"https:\/\/wp.ufpel.edu.br\/conservatoriodemusica\/wp-json\/wp\/v2\/types\/post"}],"author":[{"embeddable":true,"href":"https:\/\/wp.ufpel.edu.br\/conservatoriodemusica\/wp-json\/wp\/v2\/users\/668"}],"replies":[{"embeddable":true,"href":"https:\/\/wp.ufpel.edu.br\/conservatoriodemusica\/wp-json\/wp\/v2\/comments?post=776"}],"version-history":[{"count":1,"href":"https:\/\/wp.ufpel.edu.br\/conservatoriodemusica\/wp-json\/wp\/v2\/posts\/776\/revisions"}],"predecessor-version":[{"id":777,"href":"https:\/\/wp.ufpel.edu.br\/conservatoriodemusica\/wp-json\/wp\/v2\/posts\/776\/revisions\/777"}],"wp:attachment":[{"href":"https:\/\/wp.ufpel.edu.br\/conservatoriodemusica\/wp-json\/wp\/v2\/media?parent=776"}],"wp:term":[{"taxonomy":"category","embeddable":true,"href":"https:\/\/wp.ufpel.edu.br\/conservatoriodemusica\/wp-json\/wp\/v2\/categories?post=776"},{"taxonomy":"post_tag","embeddable":true,"href":"https:\/\/wp.ufpel.edu.br\/conservatoriodemusica\/wp-json\/wp\/v2\/tags?post=776"}],"curies":[{"name":"wp","href":"https:\/\/api.w.org\/{rel}","templated":true}]}}