{"id":745,"date":"2023-06-05T20:07:29","date_gmt":"2023-06-05T23:07:29","guid":{"rendered":"https:\/\/wp.ufpel.edu.br\/conservatoriodemusica\/?p=745"},"modified":"2023-06-15T20:02:44","modified_gmt":"2023-06-15T23:02:44","slug":"trio-serranias-2","status":"publish","type":"post","link":"https:\/\/wp.ufpel.edu.br\/conservatoriodemusica\/2023\/06\/05\/trio-serranias-2\/","title":{"rendered":"TRIO SERRANIAS"},"content":{"rendered":"<p><img loading=\"lazy\" decoding=\"async\" class=\"wp-image-744 alignleft\" src=\"https:\/\/wp.ufpel.edu.br\/conservatoriodemusica\/files\/2023\/06\/WhatsApp-Image-2023-06-04-at-22.02.25-225x318.jpeg\" alt=\"\" width=\"339\" height=\"479\" srcset=\"https:\/\/wp.ufpel.edu.br\/conservatoriodemusica\/files\/2023\/06\/WhatsApp-Image-2023-06-04-at-22.02.25-225x318.jpeg 225w, https:\/\/wp.ufpel.edu.br\/conservatoriodemusica\/files\/2023\/06\/WhatsApp-Image-2023-06-04-at-22.02.25-112x159.jpeg 112w, https:\/\/wp.ufpel.edu.br\/conservatoriodemusica\/files\/2023\/06\/WhatsApp-Image-2023-06-04-at-22.02.25-768x1086.jpeg 768w, https:\/\/wp.ufpel.edu.br\/conservatoriodemusica\/files\/2023\/06\/WhatsApp-Image-2023-06-04-at-22.02.25-1086x1536.jpeg 1086w, https:\/\/wp.ufpel.edu.br\/conservatoriodemusica\/files\/2023\/06\/WhatsApp-Image-2023-06-04-at-22.02.25.jpeg 1131w\" sizes=\"auto, (max-width: 339px) 100vw, 339px\" \/><\/p>\n<div class=\"x11i5rnm xat24cr x1mh8g0r x1vvkbs xtlvy1s x126k92a\">\n<div dir=\"auto\">\n<div dir=\"auto\"><strong><span style=\"font-size: 14pt;\">AVISO IMPORTANTE!!<\/span><\/strong><\/div>\n<div dir=\"auto\"><strong><span style=\"font-size: 14pt;\">POR MOTIVO DE DOEN\u00c7A DE UM DOS INTEGRANTES, O EVENTO SER\u00c1 TRANSFERIDO.<\/span><\/strong><\/div>\n<div dir=\"auto\"><strong><span style=\"font-size: 14pt;\">EM BREVE IREMOS DIVULGAR NOVA DATA<\/span><\/strong><\/div>\n<div dir=\"auto\"><strong><span style=\"font-size: 14pt;\">OBRIGADO PELA COMPREENS\u00c3O DE TODOS.<\/span><\/strong><\/div>\n<\/div>\n<div dir=\"auto\"><\/div>\n<div dir=\"auto\"><\/div>\n<div dir=\"auto\" style=\"text-align: justify;\"><span style=\"font-size: 12pt;\">O Conservat\u00f3rio de M\u00fasica da UFPel recebe no <strong>dia 20 de junho \u00e0s 19h30min, no Sal\u00e3o Milton de Lemos o <\/strong><strong>TRIO SERRANIAS<\/strong>. O evento \u00e9 promovido pela Associa\u00e7\u00e3o Amigos do Conservat\u00f3rio de M\u00fasica, e conta com apoio do Conservat\u00f3rio de M\u00fasica da UFPel, UFPel e UDESC. Entrada \u00e9 franca, aceitamos doa\u00e7\u00e3o de alimentos n\u00e3o perec\u00edveis.<\/span><\/div>\n<\/div>\n<div dir=\"auto\"><\/div>\n<div dir=\"auto\"><span style=\"font-size: 12pt;\">O Trio Serranias \u00e9 formado pela pianista Mauren Frey, o obo\u00edsta Lucius Mota e o fagotista Glaubert Nuske. A proposta surgiu atrav\u00e9s de um encontro casual e o interesse em tocar juntos. O objetivo inicial de realizar um recital logo deixou claro que havia potencial para <\/span><span style=\"font-size: 12pt;\">horizontes mais amplos pela fluidez e vibra\u00e7\u00e3o do di\u00e1logo musical entre os artistas.<\/span><\/div>\n<div class=\"x11i5rnm xat24cr x1mh8g0r x1vvkbs xtlvy1s x126k92a\" style=\"text-align: justify;\">\n<div dir=\"auto\"><span style=\"font-size: 12pt;\">Um dos principais compromissos do Trio Serranias \u00e9 a democratiza\u00e7\u00e3o da m\u00fasica\u00a0<\/span><span style=\"font-size: 12pt;\">de concerto. Atrav\u00e9s da pesquisa e apresenta\u00e7\u00e3o de repert\u00f3rio para Obo\u00e9, Fagote e Piano, o Trio trabalha para a divulga\u00e7\u00e3o da m\u00fasica de C\u00e2mara tanto em ambiente acad\u00eamico quanto em espa\u00e7os novos e muitas vezes n\u00e3o convencionais. Isto viabiliza o acesso do p\u00fablico interessado e forma\u00e7\u00e3o de novas plateias. O pr\u00f3prio nome do conjunto foi escolhido a partir de uma obra do compositor argentino Angel Lasala intitulada Trio Serranias.<\/span><\/div>\n<div dir=\"auto\"><span style=\"font-size: 12pt;\">A agenda de 2023 prev\u00ea recitais em Santa Maria, Pelotas, Guarda do Emba\u00fa, Florian\u00f3polis, Goi\u00e2nia e Belo Horizonte e abertura do VIII Encontro de Obo\u00e9 e Fagote da UFSM.<\/span><\/div>\n<div dir=\"auto\"><\/div>\n<div dir=\"auto\"><span style=\"font-size: 12pt;\">SERVI\u00c7O<\/span><\/div>\n<div dir=\"auto\"><span style=\"font-size: 12pt;\">O que: TRIO SERRANIAS<\/span><\/div>\n<div dir=\"auto\"><span style=\"font-size: 12pt;\">Quando: 20 de junho de 2023 (ter\u00e7a-feira) \u00e0s 19h30min<\/span><\/div>\n<div dir=\"auto\"><span style=\"font-size: 12pt;\">Onde: Sal\u00e3o Milton de Lemos \u2013 Conservat\u00f3rio de M\u00fasica da UFPel<\/span><\/div>\n<div dir=\"auto\"><span style=\"font-size: 12pt;\">Rua F\u00e9lix da Cunha, 651<\/span><\/div>\n<\/div>\n<div class=\"x11i5rnm xat24cr x1mh8g0r x1vvkbs xtlvy1s x126k92a\">\n<div dir=\"auto\" style=\"text-align: justify;\"><span style=\"font-size: 12pt;\">Quanto: Entrada Franca &#8211; &#8220;Aceitamos doa\u00e7\u00e3o de alimentos n\u00e3o perec\u00edveis<\/span>&#8220;<\/div>\n<\/div>\n","protected":false},"excerpt":{"rendered":"<p>AVISO IMPORTANTE!! POR MOTIVO DE DOEN\u00c7A DE UM DOS INTEGRANTES, O EVENTO SER\u00c1 TRANSFERIDO. EM BREVE IREMOS DIVULGAR NOVA DATA OBRIGADO PELA COMPREENS\u00c3O DE TODOS. O Conservat\u00f3rio de M\u00fasica da UFPel recebe no dia 20 de junho \u00e0s 19h30min, no &hellip; <a href=\"https:\/\/wp.ufpel.edu.br\/conservatoriodemusica\/2023\/06\/05\/trio-serranias-2\/\">Continue lendo <span class=\"meta-nav\">&rarr;<\/span><\/a><\/p>\n","protected":false},"author":668,"featured_media":0,"comment_status":"closed","ping_status":"closed","sticky":false,"template":"","format":"standard","meta":{"footnotes":""},"categories":[1],"tags":[],"class_list":["post-745","post","type-post","status-publish","format-standard","hentry","category-noticias"],"jetpack_featured_media_url":"","_links":{"self":[{"href":"https:\/\/wp.ufpel.edu.br\/conservatoriodemusica\/wp-json\/wp\/v2\/posts\/745","targetHints":{"allow":["GET"]}}],"collection":[{"href":"https:\/\/wp.ufpel.edu.br\/conservatoriodemusica\/wp-json\/wp\/v2\/posts"}],"about":[{"href":"https:\/\/wp.ufpel.edu.br\/conservatoriodemusica\/wp-json\/wp\/v2\/types\/post"}],"author":[{"embeddable":true,"href":"https:\/\/wp.ufpel.edu.br\/conservatoriodemusica\/wp-json\/wp\/v2\/users\/668"}],"replies":[{"embeddable":true,"href":"https:\/\/wp.ufpel.edu.br\/conservatoriodemusica\/wp-json\/wp\/v2\/comments?post=745"}],"version-history":[{"count":6,"href":"https:\/\/wp.ufpel.edu.br\/conservatoriodemusica\/wp-json\/wp\/v2\/posts\/745\/revisions"}],"predecessor-version":[{"id":752,"href":"https:\/\/wp.ufpel.edu.br\/conservatoriodemusica\/wp-json\/wp\/v2\/posts\/745\/revisions\/752"}],"wp:attachment":[{"href":"https:\/\/wp.ufpel.edu.br\/conservatoriodemusica\/wp-json\/wp\/v2\/media?parent=745"}],"wp:term":[{"taxonomy":"category","embeddable":true,"href":"https:\/\/wp.ufpel.edu.br\/conservatoriodemusica\/wp-json\/wp\/v2\/categories?post=745"},{"taxonomy":"post_tag","embeddable":true,"href":"https:\/\/wp.ufpel.edu.br\/conservatoriodemusica\/wp-json\/wp\/v2\/tags?post=745"}],"curies":[{"name":"wp","href":"https:\/\/api.w.org\/{rel}","templated":true}]}}