{"id":742,"date":"2023-06-01T16:48:40","date_gmt":"2023-06-01T19:48:40","guid":{"rendered":"https:\/\/wp.ufpel.edu.br\/conservatoriodemusica\/?p=742"},"modified":"2023-06-01T16:48:40","modified_gmt":"2023-06-01T19:48:40","slug":"trio-serranias","status":"publish","type":"post","link":"https:\/\/wp.ufpel.edu.br\/conservatoriodemusica\/2023\/06\/01\/trio-serranias\/","title":{"rendered":"TRIO SERRANIAS"},"content":{"rendered":"<p><img loading=\"lazy\" decoding=\"async\" class=\"wp-image-741 alignleft\" src=\"https:\/\/wp.ufpel.edu.br\/conservatoriodemusica\/files\/2023\/06\/Trio-Agenda-2023-I-254x318.jpeg\" alt=\"\" width=\"333\" height=\"417\" srcset=\"https:\/\/wp.ufpel.edu.br\/conservatoriodemusica\/files\/2023\/06\/Trio-Agenda-2023-I-254x318.jpeg 254w, https:\/\/wp.ufpel.edu.br\/conservatoriodemusica\/files\/2023\/06\/Trio-Agenda-2023-I-127x159.jpeg 127w, https:\/\/wp.ufpel.edu.br\/conservatoriodemusica\/files\/2023\/06\/Trio-Agenda-2023-I-768x960.jpeg 768w, https:\/\/wp.ufpel.edu.br\/conservatoriodemusica\/files\/2023\/06\/Trio-Agenda-2023-I.jpeg 1080w\" sizes=\"auto, (max-width: 333px) 100vw, 333px\" \/><\/p>\n<div dir=\"auto\" style=\"text-align: justify;\"><span style=\"font-size: 14pt;\">O Conservat\u00f3rio de M\u00fasica da UFPel, atrav\u00e9s da Associa\u00e7\u00e3o\u00a0<\/span><span style=\"font-size: 14pt;\">Amigos do Conservat\u00f3rio de M\u00fasica, recebe no dia 20 de junho o TRIO SERRANIAS, que est\u00e1 realizando um tour nos estados de Santa Catarina e Rio Grande do Sul, onde a cidade de Pelotas ser\u00e1 contemplada. O Trio far\u00e1 a abertura do VIII Encontro de Obo\u00e9 e Fagote da UFSM.<\/span><\/div>\n<div dir=\"auto\" style=\"text-align: justify;\"><span style=\"font-size: 14pt;\">Em breve iremos postar mais informa\u00e7\u00f5es.<\/span><\/div>\n","protected":false},"excerpt":{"rendered":"<p>O Conservat\u00f3rio de M\u00fasica da UFPel, atrav\u00e9s da Associa\u00e7\u00e3o\u00a0Amigos do Conservat\u00f3rio de M\u00fasica, recebe no dia 20 de junho o TRIO SERRANIAS, que est\u00e1 realizando um tour nos estados de Santa Catarina e Rio Grande do Sul, onde a cidade &hellip; <a href=\"https:\/\/wp.ufpel.edu.br\/conservatoriodemusica\/2023\/06\/01\/trio-serranias\/\">Continue lendo <span class=\"meta-nav\">&rarr;<\/span><\/a><\/p>\n","protected":false},"author":668,"featured_media":0,"comment_status":"closed","ping_status":"closed","sticky":false,"template":"","format":"standard","meta":{"footnotes":""},"categories":[1],"tags":[],"class_list":["post-742","post","type-post","status-publish","format-standard","hentry","category-noticias"],"jetpack_featured_media_url":"","_links":{"self":[{"href":"https:\/\/wp.ufpel.edu.br\/conservatoriodemusica\/wp-json\/wp\/v2\/posts\/742","targetHints":{"allow":["GET"]}}],"collection":[{"href":"https:\/\/wp.ufpel.edu.br\/conservatoriodemusica\/wp-json\/wp\/v2\/posts"}],"about":[{"href":"https:\/\/wp.ufpel.edu.br\/conservatoriodemusica\/wp-json\/wp\/v2\/types\/post"}],"author":[{"embeddable":true,"href":"https:\/\/wp.ufpel.edu.br\/conservatoriodemusica\/wp-json\/wp\/v2\/users\/668"}],"replies":[{"embeddable":true,"href":"https:\/\/wp.ufpel.edu.br\/conservatoriodemusica\/wp-json\/wp\/v2\/comments?post=742"}],"version-history":[{"count":1,"href":"https:\/\/wp.ufpel.edu.br\/conservatoriodemusica\/wp-json\/wp\/v2\/posts\/742\/revisions"}],"predecessor-version":[{"id":743,"href":"https:\/\/wp.ufpel.edu.br\/conservatoriodemusica\/wp-json\/wp\/v2\/posts\/742\/revisions\/743"}],"wp:attachment":[{"href":"https:\/\/wp.ufpel.edu.br\/conservatoriodemusica\/wp-json\/wp\/v2\/media?parent=742"}],"wp:term":[{"taxonomy":"category","embeddable":true,"href":"https:\/\/wp.ufpel.edu.br\/conservatoriodemusica\/wp-json\/wp\/v2\/categories?post=742"},{"taxonomy":"post_tag","embeddable":true,"href":"https:\/\/wp.ufpel.edu.br\/conservatoriodemusica\/wp-json\/wp\/v2\/tags?post=742"}],"curies":[{"name":"wp","href":"https:\/\/api.w.org\/{rel}","templated":true}]}}