{"id":738,"date":"2023-05-23T16:14:58","date_gmt":"2023-05-23T19:14:58","guid":{"rendered":"https:\/\/wp.ufpel.edu.br\/conservatoriodemusica\/?p=738"},"modified":"2023-05-23T16:14:58","modified_gmt":"2023-05-23T19:14:58","slug":"recital-em-homenagem-as-maes","status":"publish","type":"post","link":"https:\/\/wp.ufpel.edu.br\/conservatoriodemusica\/2023\/05\/23\/recital-em-homenagem-as-maes\/","title":{"rendered":"Recital em Homenagem as M\u00e3es"},"content":{"rendered":"<p><img loading=\"lazy\" decoding=\"async\" class=\"wp-image-737 aligncenter\" src=\"https:\/\/wp.ufpel.edu.br\/conservatoriodemusica\/files\/2023\/05\/Recital-em-Homenagem-as-Maes-1-398x318.png\" alt=\"\" width=\"457\" height=\"365\" srcset=\"https:\/\/wp.ufpel.edu.br\/conservatoriodemusica\/files\/2023\/05\/Recital-em-Homenagem-as-Maes-1-398x318.png 398w, https:\/\/wp.ufpel.edu.br\/conservatoriodemusica\/files\/2023\/05\/Recital-em-Homenagem-as-Maes-1-199x159.png 199w, https:\/\/wp.ufpel.edu.br\/conservatoriodemusica\/files\/2023\/05\/Recital-em-Homenagem-as-Maes-1-768x614.png 768w, https:\/\/wp.ufpel.edu.br\/conservatoriodemusica\/files\/2023\/05\/Recital-em-Homenagem-as-Maes-1-1536x1229.png 1536w, https:\/\/wp.ufpel.edu.br\/conservatoriodemusica\/files\/2023\/05\/Recital-em-Homenagem-as-Maes-1.png 2000w\" sizes=\"auto, (max-width: 457px) 100vw, 457px\" \/><\/p>\n<div class=\"x11i5rnm xat24cr x1mh8g0r x1vvkbs xtlvy1s x126k92a\">\n<div dir=\"auto\" style=\"text-align: justify;\"><span style=\"font-size: 14pt;\">O Conservat\u00f3rio de M\u00fasica da UFPel, atrav\u00e9s de sua dire\u00e7\u00e3o e Assamcon convidam a todos para evento em Homenagem as M\u00e3es, no dia 30 de maio, \u00e0s 19h30min, no Sal\u00e3o Milton de Lemos do Conservat\u00f3rio de M\u00fasica da UFPel.<\/span><\/div>\n<div dir=\"auto\" style=\"text-align: justify;\"><span style=\"font-size: 14pt;\">Entrada Franca &#8211; &#8220;Aceitamos doa\u00e7\u00e3o de alimento n\u00e3o perec\u00edvel&#8221;<\/span><\/div>\n<\/div>\n<div class=\"x11i5rnm xat24cr x1mh8g0r x1vvkbs xtlvy1s x126k92a\" style=\"text-align: justify;\">\n<div dir=\"auto\"><span style=\"font-size: 14pt;\">Contamos com a participa\u00e7\u00e3o dos Corais Infanto-Juvenil e Feminino do Conservat\u00f3rio de M\u00fasica, com reg\u00eancia de Raquel Barbier e o pianista Felipe Bunilha, e o Grupo de Acordeonistas do Conservat\u00f3rio de M\u00fasica, com o preparador e acordeonista Vinicius Terres. No repert\u00f3rio musicas popular. Coordena\u00e7\u00e3o dos projetos \u00e9 do Prof. Dr. Marcelo Macedo Cazarr\u00e9<\/span><\/div>\n<\/div>\n<div class=\"x11i5rnm xat24cr x1mh8g0r x1vvkbs xtlvy1s x126k92a\">\n<div dir=\"auto\" style=\"text-align: justify;\"><span style=\"font-size: 14pt;\">SERVI\u00c7O<\/span><\/div>\n<div dir=\"auto\" style=\"text-align: justify;\"><span style=\"font-size: 14pt;\">O que: Recital em Homenagem as M\u00e3es<\/span><\/div>\n<div dir=\"auto\" style=\"text-align: justify;\"><span style=\"font-size: 14pt;\">Quando: 30 de maio de 2023 (ter\u00e7a-feira) \u00e0s 19h30min<\/span><\/div>\n<div dir=\"auto\" style=\"text-align: justify;\"><span style=\"font-size: 14pt;\">Onde: Sal\u00e3o Milton de Lemos \u2013 Conservat\u00f3rio de M\u00fasica da UFPel<\/span><\/div>\n<div dir=\"auto\" style=\"text-align: justify;\"><span style=\"font-size: 14pt;\">Rua F\u00e9lix da Cunha, 651<\/span><\/div>\n<div dir=\"auto\" style=\"text-align: justify;\"><span style=\"font-size: 14pt;\">Quanto: Entrada Franca (Aceitamos doa\u00e7\u00e3o de alimento n\u00e3o perec\u00edvel)<\/span><\/div>\n<\/div>\n","protected":false},"excerpt":{"rendered":"<p>O Conservat\u00f3rio de M\u00fasica da UFPel, atrav\u00e9s de sua dire\u00e7\u00e3o e Assamcon convidam a todos para evento em Homenagem as M\u00e3es, no dia 30 de maio, \u00e0s 19h30min, no Sal\u00e3o Milton de Lemos do Conservat\u00f3rio de M\u00fasica da UFPel. Entrada &hellip; <a href=\"https:\/\/wp.ufpel.edu.br\/conservatoriodemusica\/2023\/05\/23\/recital-em-homenagem-as-maes\/\">Continue lendo <span class=\"meta-nav\">&rarr;<\/span><\/a><\/p>\n","protected":false},"author":668,"featured_media":0,"comment_status":"closed","ping_status":"closed","sticky":false,"template":"","format":"standard","meta":{"footnotes":""},"categories":[1],"tags":[],"class_list":["post-738","post","type-post","status-publish","format-standard","hentry","category-noticias"],"jetpack_featured_media_url":"","_links":{"self":[{"href":"https:\/\/wp.ufpel.edu.br\/conservatoriodemusica\/wp-json\/wp\/v2\/posts\/738","targetHints":{"allow":["GET"]}}],"collection":[{"href":"https:\/\/wp.ufpel.edu.br\/conservatoriodemusica\/wp-json\/wp\/v2\/posts"}],"about":[{"href":"https:\/\/wp.ufpel.edu.br\/conservatoriodemusica\/wp-json\/wp\/v2\/types\/post"}],"author":[{"embeddable":true,"href":"https:\/\/wp.ufpel.edu.br\/conservatoriodemusica\/wp-json\/wp\/v2\/users\/668"}],"replies":[{"embeddable":true,"href":"https:\/\/wp.ufpel.edu.br\/conservatoriodemusica\/wp-json\/wp\/v2\/comments?post=738"}],"version-history":[{"count":1,"href":"https:\/\/wp.ufpel.edu.br\/conservatoriodemusica\/wp-json\/wp\/v2\/posts\/738\/revisions"}],"predecessor-version":[{"id":739,"href":"https:\/\/wp.ufpel.edu.br\/conservatoriodemusica\/wp-json\/wp\/v2\/posts\/738\/revisions\/739"}],"wp:attachment":[{"href":"https:\/\/wp.ufpel.edu.br\/conservatoriodemusica\/wp-json\/wp\/v2\/media?parent=738"}],"wp:term":[{"taxonomy":"category","embeddable":true,"href":"https:\/\/wp.ufpel.edu.br\/conservatoriodemusica\/wp-json\/wp\/v2\/categories?post=738"},{"taxonomy":"post_tag","embeddable":true,"href":"https:\/\/wp.ufpel.edu.br\/conservatoriodemusica\/wp-json\/wp\/v2\/tags?post=738"}],"curies":[{"name":"wp","href":"https:\/\/api.w.org\/{rel}","templated":true}]}}