{"id":660,"date":"2022-08-19T17:02:33","date_gmt":"2022-08-19T20:02:33","guid":{"rendered":"https:\/\/wp.ufpel.edu.br\/conservatoriodemusica\/?p=660"},"modified":"2022-08-19T17:02:33","modified_gmt":"2022-08-19T20:02:33","slug":"iv-encontro-de-corais-do-conservatorio-de-musica-da-ufpel","status":"publish","type":"post","link":"https:\/\/wp.ufpel.edu.br\/conservatoriodemusica\/2022\/08\/19\/iv-encontro-de-corais-do-conservatorio-de-musica-da-ufpel\/","title":{"rendered":"IV ENCONTRO DE CORAIS DO CONSERVAT\u00d3RIO DE M\u00daSICA DA UFPel"},"content":{"rendered":"<div dir=\"auto\"><img loading=\"lazy\" decoding=\"async\" class=\"wp-image-659 aligncenter\" src=\"https:\/\/wp.ufpel.edu.br\/conservatoriodemusica\/files\/2022\/08\/cartaz-encontro-corais-IV-227x318.jpg\" alt=\"\" width=\"251\" height=\"351\" srcset=\"https:\/\/wp.ufpel.edu.br\/conservatoriodemusica\/files\/2022\/08\/cartaz-encontro-corais-IV-227x318.jpg 227w, https:\/\/wp.ufpel.edu.br\/conservatoriodemusica\/files\/2022\/08\/cartaz-encontro-corais-IV-114x159.jpg 114w, https:\/\/wp.ufpel.edu.br\/conservatoriodemusica\/files\/2022\/08\/cartaz-encontro-corais-IV.jpg 473w\" sizes=\"auto, (max-width: 251px) 100vw, 251px\" \/><\/div>\n<div dir=\"auto\" style=\"text-align: justify;\">\u00c9 com grande satisfa\u00e7\u00e3o que a Associa\u00e7\u00e3o Amigos do Conservat\u00f3rio de M\u00fasica, convida a todos para prestigiarem o IV Encontro de Corais do\u00a0Conservat\u00f3rio de M\u00fasica, que neste ano ser\u00e1 realizado no dia em que o Conservat\u00f3rio de M\u00fasica completa 104 anos. O encontro ser\u00e1 no dia 18 de setembro de 2022, \u00e0s 19h30min, na Catedral S\u00e3o Francisco de Paula, coordenado pela Presidente da Assamcon Regina L\u00facia Reis de S\u00e1 Britto Fiss e o Vice-Presidente Marcelo Macedo Cazarr\u00e9.<\/div>\n<div dir=\"auto\" style=\"text-align: justify;\"><\/div>\n<div dir=\"auto\" style=\"text-align: justify;\">ENTRADA FRANCA (a popula\u00e7\u00e3o est\u00e1 sendo convidada a participar com um 1 Kg de alimento para fam\u00edlias carentes)<\/div>\n<div dir=\"auto\" style=\"text-align: justify;\"><\/div>\n<div dir=\"auto\" style=\"text-align: justify;\">A ASSAMCON traz a Pelotas o Coral da Universidade Federal do Rio Grande do Sul (UFRGS), o evento tamb\u00e9m contar\u00e1 com a participa\u00e7\u00e3o do Coral da Universidade Federal de Pelotas, Grupo Vox, Coral da Sociedade M\u00fasica pela M\u00fasica e ter\u00e1 participa\u00e7\u00e3o especial do Coral Infanto-Juvenil do Conservat\u00f3rio de M\u00fasica, que far\u00e1 a abertura do Encontro.<\/div>\n<div dir=\"auto\" style=\"text-align: justify;\">O Encontro tem como proposta a divulga\u00e7\u00e3o e incentivo \u00e0 forma\u00e7\u00e3o de novos grupos de canto coral, mantendo a cultura musical da qual Pelotas possui tradi\u00e7\u00e3o.<\/div>\n<div dir=\"auto\" style=\"text-align: justify;\">\u00c9 com grande satisfa\u00e7\u00e3o que a Associa\u00e7\u00e3o Amigos do Conservat\u00f3rio de M\u00fasica, convida a todos para prestigiarem o IV Encontro de Corais do Conservat\u00f3rio de M\u00fasica, que neste ano ser\u00e1 realizado no dia em que o Conservat\u00f3rio de M\u00fasica completa 104 anos. O encontro ser\u00e1 no dia 18 de setembro de 2022, \u00e0s 19h30min, na Catedral S\u00e3o Francisco de Paula, coordenado pela Presidente da Assamcon Regina L\u00facia Reis de S\u00e1 Britto Fiss e o Vice-Presidente Marcelo Macedo Cazarr\u00e9. ENTRADA FRANCA (a popula\u00e7\u00e3o est\u00e1 sendo convidada a participar com um 1 Kg de alimento para fam\u00edlias carentes)<\/div>\n<div dir=\"auto\" style=\"text-align: justify;\">A ASSAMCON traz a Pelotas o Coral da Universidade Federal do Rio Grande do Sul (UFRGS), o evento tamb\u00e9m contar\u00e1 com a participa\u00e7\u00e3o do Coral da Universidade Federal de Pelotas, Grupo Vox, Coral da Sociedade M\u00fasica pela M\u00fasica e ter\u00e1 participa\u00e7\u00e3o especial do Coral Infanto-Juvenil do Conservat\u00f3rio de M\u00fasica, que far\u00e1 a abertura do Encontro.<\/div>\n<div dir=\"auto\" style=\"text-align: justify;\">O Encontro tem como proposta a divulga\u00e7\u00e3o e incentivo \u00e0 forma\u00e7\u00e3o de novos grupos de canto coral, mantendo a cultura musical da qual Pelotas possui tradi\u00e7\u00e3o.<\/div>\n","protected":false},"excerpt":{"rendered":"<p>\u00c9 com grande satisfa\u00e7\u00e3o que a Associa\u00e7\u00e3o Amigos do Conservat\u00f3rio de M\u00fasica, convida a todos para prestigiarem o IV Encontro de Corais do\u00a0Conservat\u00f3rio de M\u00fasica, que neste ano ser\u00e1 realizado no dia em que o Conservat\u00f3rio de M\u00fasica completa 104 &hellip; <a href=\"https:\/\/wp.ufpel.edu.br\/conservatoriodemusica\/2022\/08\/19\/iv-encontro-de-corais-do-conservatorio-de-musica-da-ufpel\/\">Continue lendo <span class=\"meta-nav\">&rarr;<\/span><\/a><\/p>\n","protected":false},"author":668,"featured_media":0,"comment_status":"closed","ping_status":"closed","sticky":false,"template":"","format":"standard","meta":{"footnotes":""},"categories":[1],"tags":[],"class_list":["post-660","post","type-post","status-publish","format-standard","hentry","category-noticias"],"jetpack_featured_media_url":"","_links":{"self":[{"href":"https:\/\/wp.ufpel.edu.br\/conservatoriodemusica\/wp-json\/wp\/v2\/posts\/660","targetHints":{"allow":["GET"]}}],"collection":[{"href":"https:\/\/wp.ufpel.edu.br\/conservatoriodemusica\/wp-json\/wp\/v2\/posts"}],"about":[{"href":"https:\/\/wp.ufpel.edu.br\/conservatoriodemusica\/wp-json\/wp\/v2\/types\/post"}],"author":[{"embeddable":true,"href":"https:\/\/wp.ufpel.edu.br\/conservatoriodemusica\/wp-json\/wp\/v2\/users\/668"}],"replies":[{"embeddable":true,"href":"https:\/\/wp.ufpel.edu.br\/conservatoriodemusica\/wp-json\/wp\/v2\/comments?post=660"}],"version-history":[{"count":1,"href":"https:\/\/wp.ufpel.edu.br\/conservatoriodemusica\/wp-json\/wp\/v2\/posts\/660\/revisions"}],"predecessor-version":[{"id":661,"href":"https:\/\/wp.ufpel.edu.br\/conservatoriodemusica\/wp-json\/wp\/v2\/posts\/660\/revisions\/661"}],"wp:attachment":[{"href":"https:\/\/wp.ufpel.edu.br\/conservatoriodemusica\/wp-json\/wp\/v2\/media?parent=660"}],"wp:term":[{"taxonomy":"category","embeddable":true,"href":"https:\/\/wp.ufpel.edu.br\/conservatoriodemusica\/wp-json\/wp\/v2\/categories?post=660"},{"taxonomy":"post_tag","embeddable":true,"href":"https:\/\/wp.ufpel.edu.br\/conservatoriodemusica\/wp-json\/wp\/v2\/tags?post=660"}],"curies":[{"name":"wp","href":"https:\/\/api.w.org\/{rel}","templated":true}]}}