{"id":642,"date":"2021-11-10T17:05:34","date_gmt":"2021-11-10T20:05:34","guid":{"rendered":"https:\/\/wp.ufpel.edu.br\/conservatoriodemusica\/?p=642"},"modified":"2021-11-10T17:05:34","modified_gmt":"2021-11-10T20:05:34","slug":"lembrancas-do-conservatorio-de-musica-2","status":"publish","type":"post","link":"https:\/\/wp.ufpel.edu.br\/conservatoriodemusica\/2021\/11\/10\/lembrancas-do-conservatorio-de-musica-2\/","title":{"rendered":"Lembran\u00e7as do Conservat\u00f3rio de M\u00fasica"},"content":{"rendered":"<p>&nbsp;<\/p>\n<p><img loading=\"lazy\" decoding=\"async\" class=\"wp-image-631 alignleft\" style=\"font-size: 16px\" src=\"https:\/\/wp.ufpel.edu.br\/conservatoriodemusica\/files\/2020\/10\/119946084_3635985473092733_8311198838887574577_o-225x318.jpg\" alt=\"\" width=\"282\" height=\"398\" srcset=\"https:\/\/wp.ufpel.edu.br\/conservatoriodemusica\/files\/2020\/10\/119946084_3635985473092733_8311198838887574577_o-225x318.jpg 225w, https:\/\/wp.ufpel.edu.br\/conservatoriodemusica\/files\/2020\/10\/119946084_3635985473092733_8311198838887574577_o-112x159.jpg 112w, https:\/\/wp.ufpel.edu.br\/conservatoriodemusica\/files\/2020\/10\/119946084_3635985473092733_8311198838887574577_o-768x1086.jpg 768w, https:\/\/wp.ufpel.edu.br\/conservatoriodemusica\/files\/2020\/10\/119946084_3635985473092733_8311198838887574577_o-1086x1536.jpg 1086w, https:\/\/wp.ufpel.edu.br\/conservatoriodemusica\/files\/2020\/10\/119946084_3635985473092733_8311198838887574577_o.jpg 1414w\" sizes=\"auto, (max-width: 282px) 100vw, 282px\" \/><\/p>\n<p>A Associa\u00e7\u00e3o Amigos do Conservat\u00f3rio de M\u00fasica elaborou juntamente com o Emp\u00f3rio de Ideias lindas lembran\u00e7as, de uma das \u200binstitui\u00e7\u00f5es hist\u00f3ricas de nossa cidade, o Conservat\u00f3rio de M\u00fasica, com 103 anos de exist\u00eancia. As informa\u00e7\u00f5es de como adquirir est\u00e3o no cartaz.<\/p>\n","protected":false},"excerpt":{"rendered":"<p>&nbsp; A Associa\u00e7\u00e3o Amigos do Conservat\u00f3rio de M\u00fasica elaborou juntamente com o Emp\u00f3rio de Ideias lindas lembran\u00e7as, de uma das \u200binstitui\u00e7\u00f5es hist\u00f3ricas de nossa cidade, o Conservat\u00f3rio de M\u00fasica, com 103 anos de exist\u00eancia. As informa\u00e7\u00f5es de como adquirir est\u00e3o &hellip; <a href=\"https:\/\/wp.ufpel.edu.br\/conservatoriodemusica\/2021\/11\/10\/lembrancas-do-conservatorio-de-musica-2\/\">Continue lendo <span class=\"meta-nav\">&rarr;<\/span><\/a><\/p>\n","protected":false},"author":668,"featured_media":0,"comment_status":"closed","ping_status":"closed","sticky":false,"template":"","format":"standard","meta":{"footnotes":""},"categories":[1],"tags":[],"class_list":["post-642","post","type-post","status-publish","format-standard","hentry","category-noticias"],"jetpack_featured_media_url":"","_links":{"self":[{"href":"https:\/\/wp.ufpel.edu.br\/conservatoriodemusica\/wp-json\/wp\/v2\/posts\/642","targetHints":{"allow":["GET"]}}],"collection":[{"href":"https:\/\/wp.ufpel.edu.br\/conservatoriodemusica\/wp-json\/wp\/v2\/posts"}],"about":[{"href":"https:\/\/wp.ufpel.edu.br\/conservatoriodemusica\/wp-json\/wp\/v2\/types\/post"}],"author":[{"embeddable":true,"href":"https:\/\/wp.ufpel.edu.br\/conservatoriodemusica\/wp-json\/wp\/v2\/users\/668"}],"replies":[{"embeddable":true,"href":"https:\/\/wp.ufpel.edu.br\/conservatoriodemusica\/wp-json\/wp\/v2\/comments?post=642"}],"version-history":[{"count":2,"href":"https:\/\/wp.ufpel.edu.br\/conservatoriodemusica\/wp-json\/wp\/v2\/posts\/642\/revisions"}],"predecessor-version":[{"id":644,"href":"https:\/\/wp.ufpel.edu.br\/conservatoriodemusica\/wp-json\/wp\/v2\/posts\/642\/revisions\/644"}],"wp:attachment":[{"href":"https:\/\/wp.ufpel.edu.br\/conservatoriodemusica\/wp-json\/wp\/v2\/media?parent=642"}],"wp:term":[{"taxonomy":"category","embeddable":true,"href":"https:\/\/wp.ufpel.edu.br\/conservatoriodemusica\/wp-json\/wp\/v2\/categories?post=642"},{"taxonomy":"post_tag","embeddable":true,"href":"https:\/\/wp.ufpel.edu.br\/conservatoriodemusica\/wp-json\/wp\/v2\/tags?post=642"}],"curies":[{"name":"wp","href":"https:\/\/api.w.org\/{rel}","templated":true}]}}