{"id":473,"date":"2018-09-26T13:37:49","date_gmt":"2018-09-26T16:37:49","guid":{"rendered":"https:\/\/wp.ufpel.edu.br\/conservatoriodemusica\/?p=473"},"modified":"2018-09-26T13:37:49","modified_gmt":"2018-09-26T16:37:49","slug":"iv-encontro-de-violonista-da-ufpel","status":"publish","type":"post","link":"https:\/\/wp.ufpel.edu.br\/conservatoriodemusica\/2018\/09\/26\/iv-encontro-de-violonista-da-ufpel\/","title":{"rendered":"IV ENCONTRO DE VIOLONISTA DA UFPEL"},"content":{"rendered":"<p><img loading=\"lazy\" decoding=\"async\" class=\"alignnone size-medium wp-image-472 alignleft\" src=\"https:\/\/wp.ufpel.edu.br\/conservatoriodemusica\/files\/2018\/09\/Cartaz-224x318.png\" alt=\"\" width=\"224\" height=\"318\" srcset=\"https:\/\/wp.ufpel.edu.br\/conservatoriodemusica\/files\/2018\/09\/Cartaz-224x318.png 224w, https:\/\/wp.ufpel.edu.br\/conservatoriodemusica\/files\/2018\/09\/Cartaz-112x159.png 112w, https:\/\/wp.ufpel.edu.br\/conservatoriodemusica\/files\/2018\/09\/Cartaz.png 602w\" sizes=\"auto, (max-width: 224px) 100vw, 224px\" \/><\/p>\n<p style=\"font-weight: 400;text-align: justify\">Acontece entre os dias 24 e 26 de setembro no Sal\u00e3o Milton de Lemos do Conservat\u00f3rio de M\u00fasica da UFPel (Rua F\u00e9lix da Cunha, 651), o VI Encontro de Violonista da UFPel, o evento conta com a participa\u00e7\u00e3o dos violonistas convidados:\u00a0\u00a0Prof. Dr. Matthew Spring (Inglaterra Professor da Bath Spa Universtiy) , \u00a0Prof. Dr. Marcos Ara\u00fajo Brasil \/ Professor Adjunto da UFRGS) \u00a0e \u00a0Prof. Dr. Fernando El\u00edas Llanos (Peru\/P\u00f3s-outorando da UFRGS<strong>) e os professores da UFPel:\u00a0<\/strong>\u00a0Thiago Colombo de Freitas, Jos\u00e9 Homero Pires Junior, M\u00e1rcio de Souza, Jo\u00e3o lexandre Straub Gomes; Guilherme Vieira. O Encontro de Viol\u00f5es oferece oficinas, masterclasses, palestras e recitais. O vento \u00e9 promovido pela Associa\u00e7\u00e3o Amigos do Conservat\u00f3rio de M\u00fasica, e tem coordena\u00e7\u00e3o \u00a0dos professores Thiago Colombo e M\u00e1rcio de Souza. ENTRADA FRANCA<\/p>\n<p style=\"text-align: justify\">\n<p style=\"font-weight: 400;text-align: justify\">\u00a0<strong>\u00a0Prof. Dr. Matthew Spring (Inglaterra Professor da Bath Spa Universtiy)<\/strong> &#8211;\u00a0Matthew was born in Tanzania, and went to Saltash Comprehensive School in Cornwall. \u00a0 After gaining a first in music and history at Keele University, followed by an MMus with distinction at Goldsmiths College London University in ethnomusicology, he then completed a DPhil at Magdalen College, Oxford.\u00a0 He also enjoyed a gap year at Sarah Lawrence College USA, and studied lute and early music performance at the Royal College of Music.\u00a0 Matthew is now a Reader in Music at Bath Spa University.\u00a0 Formerly he taught at London Guildhall University, where he held a three-year Leverhulme Research Fellowship (1989-92), followed by a period as music lecturer at Birmingham University. \u00a0 His\u00a0<em>History of the Lute in Britain<\/em>\u00a0was published by OUP in 2001 and won the international Bessaraboff prize from The American Musical Instrument Society (AMIS), and his edition of the Balcarres Manuscript was published in 2010.\u00a0 He performs with a number of Early Music ensembles and has appeared on over 50 recordings. \u00a0Matthew has wide interests in Early Music with a specialism in music for the lute and related instruments.\u00a0 Since working in Bath he has developed an interest in the music of Georgian Bath.\u00a0 Matthew directs a number of professional and student ensembles and has performing experience in world and folk music.\u00a0 \u00a0 \u00a0 \u00a0 \u00a0 \u00a0 \u00a0 \u00a0&#8220;<a href=\"http:\/\/www.matthewspring.co.uk\/lute.html\">http:\/\/www.matthewspring.co.uk\/lute.html<\/a>&#8220;<\/p>\n<p style=\"font-weight: 400;text-align: justify\"><strong>Prof. Dr. Marcos Ara\u00fajo Brasi<\/strong>l &#8211; \u00a0Professor Adjunto da UFRGS &#8211;\u00a0Bacharel pela Universidade Federal de Santa Maria, Ara\u00fajo cursou mestrado no Programa de P\u00f3s-Gradua\u00e7\u00e3o em M\u00fasica da UFRGS, depois concluiu o doutorado na Universidade de Aveiro, em Portugal.<\/p>\n<p style=\"font-weight: 400;text-align: justify\"><strong>Prof. Dr. Fernando El\u00edas Llanos (Peru\/P\u00f3s-outorando da UFRGS) &#8211;\u00a0<\/strong>Violonista e Etnomusic\u00f3logo. Doutorando em M\u00fasica (PPGMUS-ECA\/USP) e Mestre em M\u00fasica (IA\/UNESP). Professor de Viol\u00e3o Popular na Funda\u00e7\u00e3o da Artes de S\u00e3o Caetano do Sul. Autodidata, prosseguiu seus estudos de especializa\u00e7\u00e3o no instrumento com Celso Delneri e Paulo Porto Alegre (EMM). J\u00e1 comp\u00f4s pe\u00e7as para viol\u00e3o baseadas nos ritmos da costa peruana e na m\u00fasica popular brasileira. Temas do seu interesse: viol\u00e3o latino-americano, etnomusicologia do viol\u00e3o, repert\u00f3rio crossover para viol\u00e3o erudito e popular, ensino do viol\u00e3o popular<\/p>\n<p style=\"font-weight: 400;text-align: justify\">\n<p style=\"font-weight: 400;text-align: justify\">SERVI\u00c7O<\/p>\n<p style=\"font-weight: 400;text-align: justify\">O que: VI ENCONTRO DE VIOLONISTAS DA UFPEL<\/p>\n<p style=\"font-weight: 400;text-align: justify\">Quando: 24 a 26 de setembro de 2018 \u2013 Manh\u00e3, tarde e noite<\/p>\n<p style=\"font-weight: 400;text-align: justify\">Local: Sal\u00e3o Milton de Lemos &#8211; Conservat\u00f3rio de M\u00fasica da UFPel (Rua Felix da Cunha, 651)<\/p>\n<p style=\"font-weight: 400;text-align: justify\">Promo\u00e7\u00e3o: Associa\u00e7\u00e3o Amigos do Conservat\u00f3rio de M\u00fasica<\/p>\n<p style=\"font-weight: 400;text-align: justify\">Evento aberto \u00e0 comunidade, com entrada franca<\/p>\n","protected":false},"excerpt":{"rendered":"<p>Acontece entre os dias 24 e 26 de setembro no Sal\u00e3o Milton de Lemos do Conservat\u00f3rio de M\u00fasica da UFPel (Rua F\u00e9lix da Cunha, 651), o VI Encontro de Violonista da UFPel, o evento conta com a participa\u00e7\u00e3o dos violonistas &hellip; <a href=\"https:\/\/wp.ufpel.edu.br\/conservatoriodemusica\/2018\/09\/26\/iv-encontro-de-violonista-da-ufpel\/\">Continue lendo <span class=\"meta-nav\">&rarr;<\/span><\/a><\/p>\n","protected":false},"author":668,"featured_media":0,"comment_status":"closed","ping_status":"closed","sticky":false,"template":"","format":"standard","meta":{"footnotes":""},"categories":[1],"tags":[],"class_list":["post-473","post","type-post","status-publish","format-standard","hentry","category-noticias"],"jetpack_featured_media_url":"","_links":{"self":[{"href":"https:\/\/wp.ufpel.edu.br\/conservatoriodemusica\/wp-json\/wp\/v2\/posts\/473","targetHints":{"allow":["GET"]}}],"collection":[{"href":"https:\/\/wp.ufpel.edu.br\/conservatoriodemusica\/wp-json\/wp\/v2\/posts"}],"about":[{"href":"https:\/\/wp.ufpel.edu.br\/conservatoriodemusica\/wp-json\/wp\/v2\/types\/post"}],"author":[{"embeddable":true,"href":"https:\/\/wp.ufpel.edu.br\/conservatoriodemusica\/wp-json\/wp\/v2\/users\/668"}],"replies":[{"embeddable":true,"href":"https:\/\/wp.ufpel.edu.br\/conservatoriodemusica\/wp-json\/wp\/v2\/comments?post=473"}],"version-history":[{"count":2,"href":"https:\/\/wp.ufpel.edu.br\/conservatoriodemusica\/wp-json\/wp\/v2\/posts\/473\/revisions"}],"predecessor-version":[{"id":475,"href":"https:\/\/wp.ufpel.edu.br\/conservatoriodemusica\/wp-json\/wp\/v2\/posts\/473\/revisions\/475"}],"wp:attachment":[{"href":"https:\/\/wp.ufpel.edu.br\/conservatoriodemusica\/wp-json\/wp\/v2\/media?parent=473"}],"wp:term":[{"taxonomy":"category","embeddable":true,"href":"https:\/\/wp.ufpel.edu.br\/conservatoriodemusica\/wp-json\/wp\/v2\/categories?post=473"},{"taxonomy":"post_tag","embeddable":true,"href":"https:\/\/wp.ufpel.edu.br\/conservatoriodemusica\/wp-json\/wp\/v2\/tags?post=473"}],"curies":[{"name":"wp","href":"https:\/\/api.w.org\/{rel}","templated":true}]}}