{"id":225,"date":"2017-05-09T16:35:30","date_gmt":"2017-05-09T19:35:30","guid":{"rendered":"https:\/\/wp.ufpel.edu.br\/conservatoriodemusica\/?p=225"},"modified":"2017-05-09T16:38:39","modified_gmt":"2017-05-09T19:38:39","slug":"curso-de-regencia","status":"publish","type":"post","link":"https:\/\/wp.ufpel.edu.br\/conservatoriodemusica\/2017\/05\/09\/curso-de-regencia\/","title":{"rendered":"CURSO DE REG\u00caNCIA"},"content":{"rendered":"<p><img loading=\"lazy\" decoding=\"async\" class=\"wp-image-227 alignright\" src=\"https:\/\/wp.ufpel.edu.br\/conservatoriodemusica\/files\/2017\/05\/reg\u00eancia-imagem.jpg\" alt=\"\" width=\"235\" height=\"151\" srcset=\"https:\/\/wp.ufpel.edu.br\/conservatoriodemusica\/files\/2017\/05\/reg\u00eancia-imagem.jpg 320w, https:\/\/wp.ufpel.edu.br\/conservatoriodemusica\/files\/2017\/05\/reg\u00eancia-imagem-212x136.jpg 212w\" sizes=\"auto, (max-width: 235px) 100vw, 235px\" \/><\/p>\n<p>A <strong>Associa\u00e7\u00e3o Amigos do Conservat\u00f3rio de M\u00fasica<\/strong>, conjuntamente com o Conservat\u00f3rio de M\u00fasica da UFPel, ouvindo as necessidades da comunidade musical pelotense abrir\u00e1 um Curso de Reg\u00eancia Coral e Orquestral em n\u00edvel\u00a0 de extens\u00e3o universit\u00e1ria, tendo como professor o m\u00fasico regente e compositor <strong>Alex Sandro de Oliveira<\/strong>.<\/p>\n<p>Haver\u00e1 uma entrevista no dia 19 de maio, a partir da 13h 30min. at\u00e9 \u00e0s 19h, essa entrevista servir\u00e1 para o professor conhecer os alunos e adequar o n\u00edvel de conhecimento dos alunos ao conte\u00fado do curso, ap\u00f3s a entrevista, na semana seguinte ocorrer\u00e1 a matr\u00edcula, no hor\u00e1ria das 13h 30min. \u00e1s 18h.<\/p>\n<p><strong>Informa\u00e7\u00e3o importante<\/strong>, o curso ter\u00e1 seu primeiro m\u00f3dulo de junho a outubro, a partir das 18h 30min., quatro horas semanais com dias a combinar.<\/p>\n<p>O valor do curso ser\u00e1 de 05 parcelas de R$ 120,00 pagas antecipadamente no in\u00edcio de cada m\u00eas, os s\u00f3cios da Assamcon que tiverem com suas mensalidades em dia ter\u00e3o desconto de 20% no valor de cada parcela.<\/p>\n<p>Aos alunos que conclu\u00edrem o curso ser\u00e1 oferecido um certificado pela ASSAMCON.<\/p>\n<p>O professor Alex Oliveira iniciou sua carreira musical aos oito anos de idade, obtendo orienta\u00e7\u00e3o musical com seu pai Professor Sebasti\u00e3o Jos\u00e9 de Oliveira. Estudou euphonium, e reg\u00eancia na Universidade Livre de M\u00fasica de S\u00e3o Paulo por sete anos e composi\u00e7\u00e3o e reg\u00eancia no curso superior do Conservat\u00f3rio Dram\u00e1tico Musical de S\u00e3o Paulo. Tamb\u00e9m \u00e9 Compositor, tendo obras j\u00e1 consagradas e gravadas.<\/p>\n<p>Obteve orienta\u00e7\u00f5es de Reg\u00eancia, com os renomados Maestros: Benito Juares, Roberto Farias e S\u00e9rgio Igor Chine e participou de Masterclass\u00a0 com os maestros: Laszlo Marosi (Hungria) e o Maestro Dwight Satterwhite (EUA).<\/p>\n<p>Estudou composi\u00e7\u00e3o com o compositor Sebasti\u00e3o Jose de Oliveira tamb\u00e9m obteve orienta\u00e7\u00f5es com os compositores Amaral Vieira e Villane Cortez.<\/p>\n<p>Como compositor, atualmente possui obras sendo executada em solo nacional e internacional, como a obra \u201cPoema Sinf\u00f4nico o DESBRAVADOR, entre outras\u201d.<\/p>\n<p>Atuou como professor no curso Livre de Musica da Unipalmares, como prof substituto da Faculdade Mozarteun, e nos encontros da AFABAN em suas 4\u00ba e 9\u00ba edi\u00e7\u00e3o.<\/p>\n<p>Entre alguns de seus m\u00e9ritos se destacam:<\/p>\n<p>&#8211; Trof\u00e9u Revela\u00e7\u00e3o da Noite do I Mapa Cultural de S\u00e3o Caetano do Sul em 1995; onde se deu a estr\u00e9ia de sua 1\u00b0 Sinfonia \u201cSinfonia Elisabete;<\/p>\n<p>&#8211; Em 2000 na cidade de S\u00e3o Vicente, junto a Banda Musical do II BC, recebeu o TROF\u00c9U CL\u00c1UDIO VOLFHI por seu desempenho e profissionalismo;<\/p>\n<p>&#8211; Em 2003 recebeu a Placa de DESTAQUE DO ANO, outorgado pela sociedade SOABAMA da cidade de S\u00e3o Vicente SP;<\/p>\n<p>&#8211; Em 2008 recebeu o Colar C\u00edvico Cultural, dos Nobres Cavaleiros de S\u00e3o Paulo, no grau de Cavaleiro;<\/p>\n<p>&#8211; Considerado o melhor euphonista do Brasil no ano de 2005 \u00e1 2010, pelos cr\u00edticos de arte de S\u00e3o Paulo.<\/p>\n<p>&#8211; Em 2012 na cidade de Santar\u00e9m no estado do Par\u00e1, recebeu a honraria \u201cMaestro Wilson Fonseca\u201d, na estreia de sua obra \u201cPequena Fantasia Sobre Temas de Wilson Fonseca\u201d;<\/p>\n<p>&#8211; Em 2016 sagrou-se campe\u00e3o do concurso nacional para a escolha da Can\u00e7\u00e3o da 11\u00ba Brigada de Infantaria Leve, onde sua obra foi escolhida, com letra, m\u00fasica e arranjo de sua autoria.<\/p>\n","protected":false},"excerpt":{"rendered":"<p>A Associa\u00e7\u00e3o Amigos do Conservat\u00f3rio de M\u00fasica, conjuntamente com o Conservat\u00f3rio de M\u00fasica da UFPel, ouvindo as necessidades da comunidade musical pelotense abrir\u00e1 um Curso de Reg\u00eancia Coral e Orquestral em n\u00edvel\u00a0 de extens\u00e3o universit\u00e1ria, tendo como professor o m\u00fasico &hellip; <a href=\"https:\/\/wp.ufpel.edu.br\/conservatoriodemusica\/2017\/05\/09\/curso-de-regencia\/\">Continue lendo <span class=\"meta-nav\">&rarr;<\/span><\/a><\/p>\n","protected":false},"author":668,"featured_media":0,"comment_status":"closed","ping_status":"closed","sticky":false,"template":"","format":"standard","meta":{"footnotes":""},"categories":[1],"tags":[],"class_list":["post-225","post","type-post","status-publish","format-standard","hentry","category-noticias"],"jetpack_featured_media_url":"","_links":{"self":[{"href":"https:\/\/wp.ufpel.edu.br\/conservatoriodemusica\/wp-json\/wp\/v2\/posts\/225","targetHints":{"allow":["GET"]}}],"collection":[{"href":"https:\/\/wp.ufpel.edu.br\/conservatoriodemusica\/wp-json\/wp\/v2\/posts"}],"about":[{"href":"https:\/\/wp.ufpel.edu.br\/conservatoriodemusica\/wp-json\/wp\/v2\/types\/post"}],"author":[{"embeddable":true,"href":"https:\/\/wp.ufpel.edu.br\/conservatoriodemusica\/wp-json\/wp\/v2\/users\/668"}],"replies":[{"embeddable":true,"href":"https:\/\/wp.ufpel.edu.br\/conservatoriodemusica\/wp-json\/wp\/v2\/comments?post=225"}],"version-history":[{"count":3,"href":"https:\/\/wp.ufpel.edu.br\/conservatoriodemusica\/wp-json\/wp\/v2\/posts\/225\/revisions"}],"predecessor-version":[{"id":230,"href":"https:\/\/wp.ufpel.edu.br\/conservatoriodemusica\/wp-json\/wp\/v2\/posts\/225\/revisions\/230"}],"wp:attachment":[{"href":"https:\/\/wp.ufpel.edu.br\/conservatoriodemusica\/wp-json\/wp\/v2\/media?parent=225"}],"wp:term":[{"taxonomy":"category","embeddable":true,"href":"https:\/\/wp.ufpel.edu.br\/conservatoriodemusica\/wp-json\/wp\/v2\/categories?post=225"},{"taxonomy":"post_tag","embeddable":true,"href":"https:\/\/wp.ufpel.edu.br\/conservatoriodemusica\/wp-json\/wp\/v2\/tags?post=225"}],"curies":[{"name":"wp","href":"https:\/\/api.w.org\/{rel}","templated":true}]}}