{"id":219,"date":"2017-04-17T16:43:12","date_gmt":"2017-04-17T19:43:12","guid":{"rendered":"https:\/\/wp.ufpel.edu.br\/conservatoriodemusica\/?p=219"},"modified":"2017-04-17T16:49:41","modified_gmt":"2017-04-17T19:49:41","slug":"oficina-de-piano-teclado-e-acordeom","status":"publish","type":"post","link":"https:\/\/wp.ufpel.edu.br\/conservatoriodemusica\/2017\/04\/17\/oficina-de-piano-teclado-e-acordeom\/","title":{"rendered":"Oficina de Piano, Teclado e Acordeom"},"content":{"rendered":"<p><strong>CONSERVAT\u00d3RIO DE M\u00daSICA \u00a0DA UFPEL, ABRE VAGAS PARA O PROJETO OFICINA DE PIANO, TECLADO E ACORDEOM<\/strong><strong>\u00a0<img loading=\"lazy\" decoding=\"async\" class=\"size-full wp-image-98 alignleft\" src=\"https:\/\/wp.ufpel.edu.br\/conservatoriodemusica\/files\/2016\/07\/SAL\u00c3O1.jpg\" alt=\"\" width=\"256\" height=\"160\" srcset=\"https:\/\/wp.ufpel.edu.br\/conservatoriodemusica\/files\/2016\/07\/SAL\u00c3O1.jpg 256w, https:\/\/wp.ufpel.edu.br\/conservatoriodemusica\/files\/2016\/07\/SAL\u00c3O1-212x133.jpg 212w\" sizes=\"auto, (max-width: 256px) 100vw, 256px\" \/><\/strong><\/p>\n<p>&#8211;\u00a0<strong>Oficina de Piano, Teclado e Acordeom<\/strong>\u00a0&#8211; oferece aulas semanais de 1 hora, para crian\u00e7as e adultos, ministradas por alunos do Bacharelado em M\u00fasica da UFPel e convidados, o projeto tem apoio da Associa\u00e7\u00e3o Amigos do Conservat\u00f3rio de M\u00fasica.<\/p>\n<p><strong>As matr\u00edculas estar\u00e3o abertas entre os dias<\/strong><strong>\u00a003<\/strong><strong> e 04 de maio d<\/strong><strong>e 2017, das 13h 30min.\u00a0 \u00e0s 18h30min.<\/strong><\/p>\n<p>Para mais informa\u00e7\u00f5es entre em contato pelo telefone 3222-2562 ou compare\u00e7a pessoalmente no Conservat\u00f3rio de M\u00fasica, situado \u00e0 Rua F\u00e9lix da Cunha, 651.<\/p>\n","protected":false},"excerpt":{"rendered":"<p>CONSERVAT\u00d3RIO DE M\u00daSICA \u00a0DA UFPEL, ABRE VAGAS PARA O PROJETO OFICINA DE PIANO, TECLADO E ACORDEOM\u00a0 &#8211;\u00a0Oficina de Piano, Teclado e Acordeom\u00a0&#8211; oferece aulas semanais de 1 hora, para crian\u00e7as e adultos, ministradas por alunos do Bacharelado em M\u00fasica da &hellip; <a href=\"https:\/\/wp.ufpel.edu.br\/conservatoriodemusica\/2017\/04\/17\/oficina-de-piano-teclado-e-acordeom\/\">Continue lendo <span class=\"meta-nav\">&rarr;<\/span><\/a><\/p>\n","protected":false},"author":668,"featured_media":0,"comment_status":"closed","ping_status":"closed","sticky":false,"template":"","format":"standard","meta":{"footnotes":""},"categories":[1],"tags":[],"class_list":["post-219","post","type-post","status-publish","format-standard","hentry","category-noticias"],"jetpack_featured_media_url":"","_links":{"self":[{"href":"https:\/\/wp.ufpel.edu.br\/conservatoriodemusica\/wp-json\/wp\/v2\/posts\/219","targetHints":{"allow":["GET"]}}],"collection":[{"href":"https:\/\/wp.ufpel.edu.br\/conservatoriodemusica\/wp-json\/wp\/v2\/posts"}],"about":[{"href":"https:\/\/wp.ufpel.edu.br\/conservatoriodemusica\/wp-json\/wp\/v2\/types\/post"}],"author":[{"embeddable":true,"href":"https:\/\/wp.ufpel.edu.br\/conservatoriodemusica\/wp-json\/wp\/v2\/users\/668"}],"replies":[{"embeddable":true,"href":"https:\/\/wp.ufpel.edu.br\/conservatoriodemusica\/wp-json\/wp\/v2\/comments?post=219"}],"version-history":[{"count":5,"href":"https:\/\/wp.ufpel.edu.br\/conservatoriodemusica\/wp-json\/wp\/v2\/posts\/219\/revisions"}],"predecessor-version":[{"id":224,"href":"https:\/\/wp.ufpel.edu.br\/conservatoriodemusica\/wp-json\/wp\/v2\/posts\/219\/revisions\/224"}],"wp:attachment":[{"href":"https:\/\/wp.ufpel.edu.br\/conservatoriodemusica\/wp-json\/wp\/v2\/media?parent=219"}],"wp:term":[{"taxonomy":"category","embeddable":true,"href":"https:\/\/wp.ufpel.edu.br\/conservatoriodemusica\/wp-json\/wp\/v2\/categories?post=219"},{"taxonomy":"post_tag","embeddable":true,"href":"https:\/\/wp.ufpel.edu.br\/conservatoriodemusica\/wp-json\/wp\/v2\/tags?post=219"}],"curies":[{"name":"wp","href":"https:\/\/api.w.org\/{rel}","templated":true}]}}