{"id":212,"date":"2017-04-12T15:59:40","date_gmt":"2017-04-12T18:59:40","guid":{"rendered":"https:\/\/wp.ufpel.edu.br\/conservatoriodemusica\/?p=212"},"modified":"2017-05-22T15:47:40","modified_gmt":"2017-05-22T18:47:40","slug":"recital-de-violino-e-piano-com-yara-quercia-e-vera-vianna","status":"publish","type":"post","link":"https:\/\/wp.ufpel.edu.br\/conservatoriodemusica\/2017\/04\/12\/recital-de-violino-e-piano-com-yara-quercia-e-vera-vianna\/","title":{"rendered":"Recital de Violino e Piano com Yara Quercia e Vera Vianna"},"content":{"rendered":"<p>A <a href=\"http:\/\/assamcon.blogspot.com.br\/\">Associa\u00e7\u00e3o Amigos do Conservat\u00f3rio de M\u00fasica<\/a> promove no dia 25 de maio \u00e0s 20 horas na Bibliotheca P\u00fablica Pelotense, com entrada franca, \u00a0Recital de Violino e Piano\u00a0\u201cSonatas (sonatinas) de Compositores Brasileiros\u201d.\u00a0<img loading=\"lazy\" decoding=\"async\" class=\"wp-image-210 alignleft\" src=\"https:\/\/wp.ufpel.edu.br\/conservatoriodemusica\/files\/2017\/04\/Foto-2-424x283.jpg\" alt=\"\" width=\"297\" height=\"198\" \/>A proposta deste recital emana do projeto de pesquisa da professora Yara Vieira \u201cRepert\u00f3rio brasileiro de sonatas para violino e piano: aspectos formadores da t\u00e9cnica violin\u00edstica e da personalidade art\u00edstica do int\u00e9rprete\u201d. Este projeto tem dois objetivos: divulgar o repert\u00f3rio brasileiro para violino e piano e promover esse mesmo repert\u00f3rio como formador de habilidades interpretativas, t\u00e9cnicas e art\u00edsticas, indispens\u00e1veis aos estudantes de violino.\u00a0Em 2016 o Duo iniciou o estudo de sonatas e sonatinas com os compositores Henrique de Curitiba (Sonata 87) Guerra-Peixe (Sonata No. 2), Cl\u00e1udio Santoro (Sonata No. 4) e Ernst Mahle (Sonatina 1974).\u00a0 O projeto encontra-se em andamento e este \u00e9 o segundo de uma s\u00e9rie de recitais que dever\u00e3o se estender para os pr\u00f3ximos anos, sempre com a inclus\u00e3o de novas obras e novos compositores.<\/p>\n<p><strong>YARA QUERCIA VIEIRA<\/strong> \u00e9 professora das disciplinas de violino e viola na Universidade Federal de Santa Maria, RS, desde 1997. Atualmente tem o cargo de Professora Associada. Participou de diversos grupos de c\u00e2mara da UFSM, tais como o Trio da UFSM, Trio Uirapuru e duo com a pianista Vera Vianna. Criou, juntamente com seus colegas da \u00e1rea de cordas da UFSM, a Orquestra de Cordas do Curso de M\u00fasica da UFSM, composta por alunos e professores da institui\u00e7\u00e3o. Desenvolve projetos de pesquisa sobre a constru\u00e7\u00e3o da performance em violino e viola.Graduou-se em m\u00fasica &#8211; instrumentista pela UFMG (1983). Fez curso de mestrado em instrumento de arco na UFRJ (1992) e curso de doutorado (Doctorof Musical Arts-1996) na Universidade de Iowa, nos Estados Unidos.\u00a0 Estudou com Gabor Buza, Paulo Bosisio, SantinoParpinelli e Leopold La Fosse.\u00a0 Realizou curso de treinamento de professor Suzuki pela PreucilSchool (Iowa, EUA) e treinamento parcial de professor em T\u00e9cnica Alexander pela \u201cThe Alexander Foundation\u201d (Philadelphia, EUA).\u00a0 Participou de diversas orquestras, entre elas a Orquestra Sinf\u00f4nica de Minas Gerais, Kamerart, Brasil-Consort e La Fosse Baroque Ensemble (EUA).<\/p>\n<p><img loading=\"lazy\" decoding=\"async\" class=\"wp-image-211 alignright\" src=\"https:\/\/wp.ufpel.edu.br\/conservatoriodemusica\/files\/2017\/04\/Foto-1-424x283.jpg\" alt=\"\" width=\"315\" height=\"211\" \/><\/p>\n<p>&nbsp;<\/p>\n<p style=\"text-align: left\"><strong>VERA PORTINHO VIANNA<\/strong> \u00e9 graduada em m\u00fasica, Licenciatura Plena pela Universidade Federal de Santa Maria e Bacharelado em Piano pela Faculdade Wesleyan (Georgia, EUA). Realizou Mestrado em Piano Performancena Universidade do Tennessee (EUA-1992) onde obteve bolsa de estudos como pianista acompanhadora da classe de canto. Posteriormente recebeu bolsa de estudos da CAPES para realizar o curso de Doutorado em Pedagogia do Piano com concentra\u00e7\u00e3o em M\u00fasica Latino-americana na Universidade Cat\u00f3lica da Am\u00e9rica (Washington, EUA &#8211; 2003). Como pianista participou de v\u00e1rios festivais, destacando o <em>5\u00ba Festival Internacional de M\u00fasica de C\u00e2mara Maestro Dante Valledor<\/em>em Resist\u00eancia, Argentina e o <em>Amalfi Coast Music Festival<\/em> em Vietri sul Mare, It\u00e1lia onde participou de recital em comemora\u00e7\u00e3o aos 500 anos do Brasil. Em 2013participou do 1\u00ba Simp\u00f3sio de Piano de Londres e do PERFORMA em Porto Alegre apresentando trabalho sobre os pianistas brasileiros S\u00e1 Pereira e Magda Tagliaferro. \u00c9 professora de piano no Curso de Bacharelado em M\u00fasica da Universidade Federal de Santa Maria onde mant\u00e9m atividade camer\u00edstica com seus colegas e desenvolve projetos de extens\u00e3o, sendo desde 2011 a coordenadora do Festival Internacional de Inverno da UFSM.<\/p>\n","protected":false},"excerpt":{"rendered":"<p>A Associa\u00e7\u00e3o Amigos do Conservat\u00f3rio de M\u00fasica promove no dia 25 de maio \u00e0s 20 horas na Bibliotheca P\u00fablica Pelotense, com entrada franca, \u00a0Recital de Violino e Piano\u00a0\u201cSonatas (sonatinas) de Compositores Brasileiros\u201d.\u00a0A proposta deste recital emana do projeto de pesquisa &hellip; <a href=\"https:\/\/wp.ufpel.edu.br\/conservatoriodemusica\/2017\/04\/12\/recital-de-violino-e-piano-com-yara-quercia-e-vera-vianna\/\">Continue lendo <span class=\"meta-nav\">&rarr;<\/span><\/a><\/p>\n","protected":false},"author":668,"featured_media":0,"comment_status":"closed","ping_status":"closed","sticky":false,"template":"","format":"standard","meta":{"footnotes":""},"categories":[1],"tags":[],"class_list":["post-212","post","type-post","status-publish","format-standard","hentry","category-noticias"],"jetpack_featured_media_url":"","_links":{"self":[{"href":"https:\/\/wp.ufpel.edu.br\/conservatoriodemusica\/wp-json\/wp\/v2\/posts\/212","targetHints":{"allow":["GET"]}}],"collection":[{"href":"https:\/\/wp.ufpel.edu.br\/conservatoriodemusica\/wp-json\/wp\/v2\/posts"}],"about":[{"href":"https:\/\/wp.ufpel.edu.br\/conservatoriodemusica\/wp-json\/wp\/v2\/types\/post"}],"author":[{"embeddable":true,"href":"https:\/\/wp.ufpel.edu.br\/conservatoriodemusica\/wp-json\/wp\/v2\/users\/668"}],"replies":[{"embeddable":true,"href":"https:\/\/wp.ufpel.edu.br\/conservatoriodemusica\/wp-json\/wp\/v2\/comments?post=212"}],"version-history":[{"count":5,"href":"https:\/\/wp.ufpel.edu.br\/conservatoriodemusica\/wp-json\/wp\/v2\/posts\/212\/revisions"}],"predecessor-version":[{"id":236,"href":"https:\/\/wp.ufpel.edu.br\/conservatoriodemusica\/wp-json\/wp\/v2\/posts\/212\/revisions\/236"}],"wp:attachment":[{"href":"https:\/\/wp.ufpel.edu.br\/conservatoriodemusica\/wp-json\/wp\/v2\/media?parent=212"}],"wp:term":[{"taxonomy":"category","embeddable":true,"href":"https:\/\/wp.ufpel.edu.br\/conservatoriodemusica\/wp-json\/wp\/v2\/categories?post=212"},{"taxonomy":"post_tag","embeddable":true,"href":"https:\/\/wp.ufpel.edu.br\/conservatoriodemusica\/wp-json\/wp\/v2\/tags?post=212"}],"curies":[{"name":"wp","href":"https:\/\/api.w.org\/{rel}","templated":true}]}}