{"id":187,"date":"2017-03-17T10:24:58","date_gmt":"2017-03-17T13:24:58","guid":{"rendered":"https:\/\/wp.ufpel.edu.br\/conservatoriodemusica\/?p=187"},"modified":"2017-03-27T18:23:08","modified_gmt":"2017-03-27T21:23:08","slug":"latino-america-duo","status":"publish","type":"post","link":"https:\/\/wp.ufpel.edu.br\/conservatoriodemusica\/2017\/03\/17\/latino-america-duo\/","title":{"rendered":"Latino-Am\u00e9rica Duo"},"content":{"rendered":"<p style=\"text-align: left\"><a href=\"http:\/\/assamcon.blogspot.com.br\/\"><strong>Associa\u00e7\u00e3o Amigos do Conservat\u00f3rio de M\u00fasica<\/strong><\/a>\u00a0 promove recital com <a href=\"http:\/\/www.latinoamericaduo.com.br\">Latino-Am\u00e9rica Duo<\/a>\u00a0no dia 03 de maio \u00e0s 19h30min na Bibliotheca P\u00fablica Pelotense.<\/p>\n<p style=\"text-align: left\">Entrada Franca.<\/p>\n<p><iframe loading=\"lazy\" title=\"LATINO AMERICA DUO\" width=\"640\" height=\"360\" src=\"https:\/\/www.youtube.com\/embed\/pfQjTlziPFA?feature=oembed\" frameborder=\"0\" allow=\"accelerometer; autoplay; clipboard-write; encrypted-media; gyroscope; picture-in-picture; web-share\" referrerpolicy=\"strict-origin-when-cross-origin\" allowfullscreen><\/iframe><\/p>\n<p style=\"text-align: left\">O <strong>Latino-Am\u00e9rica Duo<\/strong> \u00e9 um grupo que se dedica a m\u00fasica instrumental para dois viol\u00f5es, atrav\u00e9s da\u00a0fus\u00e3o de diversos elementos, o duo busca evocar, atrav\u00e9s deste repert\u00f3rio, a melancolia da milonga platina e a for\u00e7a do tango rio-platense, passando pelo contagiante choro brasileiro e pela visceral m\u00fasica nordestina, costurado por temas e obras inspiradas no folclore nacional e sul-americano. O grupo iniciou suas atividades em 2009, realizando apresenta\u00e7\u00f5es em teatros, museus e salas culturais da regi\u00e3o sul. Atualmente, o Latino-Am\u00e9rica Duo est\u00e1 lan\u00e7ando seu \u00e1lbum de estreia,\u00a0produzido pela Organic Recording Studio. Este trabalho apresenta releituras in\u00e9ditas para cl\u00e1ssicos brasileiros como Odeon de Ernesto Nazare<span class=\"text_exposed_show\">th e Carinhoso de Pixinguinha, e da m\u00fasica latinoamericana como Libertango e Adios Nonino de Astor Piazzolla. O projeto apresenta ainda duas composi\u00e7\u00f5es in\u00e9ditas de Thiago Colombo como a Milonga Trivial e a Su\u00edte Gauchesca, esta \u00faltima dedicada ao duo e inspirada em temas do \u201cfolclore ga\u00facho\u201c. Para retratar a for\u00e7a e a exuber\u00e2ncia do\u00a0nordeste brasileiro, L\u00e1grimas Nordestinas I, II, III e IV, obra primorosa do compositor Marcelo Fortuna.\u00a0<\/span><span class=\"text_exposed_show\">Todo este hibridismo aqui apresentado visa representar o mosaico e a pluralidade cultural do continente latino-americano. Para abrilhantar e colorir a aquarela musical de seu \u00e1lbum de estreia, o Latino-Am\u00e9rica Duo contou com a participa\u00e7\u00e3o especial dos consagrados m\u00fasicos Juc\u00e1 de Leon (percuss\u00e3o), Jo\u00e3o Alexandre (viol\u00e3o), Thiago Colombo (guitarr\u00f3n) e do Mestre do Viol\u00e3o Pampeano, Lucio Yanel em algumas faixas do novo disco. Atrav\u00e9s deste repert\u00f3rio, espera-se que todos possam conhecer um pouco mais da Latino-Am\u00e9rica atrav\u00e9s das cores, povos e sons que pulsam nestes viol\u00f5es.<\/span><\/p>\n<p style=\"text-align: left\"><strong>Breve hist\u00f3rico<\/strong><br \/>\nAo longo de sua forma\u00e7\u00e3o, o Latino-Am\u00e9rica Duo tem realizado alguns concertos e\u00a0participado de alguns projetos culturais: Projeto \u201cMusical Petropar\u201d do Teatro S\u00e3o Pedro em Porto\u00a0Alegre; Concerto no Teatro Threze de Maio, em Santa Maria; Concerto no Museu da Baronesa em\u00a0Pelotas, projeto \u201cFazendo M\u00fasica no Museu\u201d; Projeto \u201cM\u00fasica na Casa do Capit\u00e3o\u201d no Instituto Jo\u00e3o\u00a0Sim\u00f5es Lopes Neto; Concerto no Instituto Municipal de Belas Artes de Bag\u00e9; Concerto no V\u00a0Semin\u00e1rio Internacional em Mem\u00f3ria e Patrim\u00f4nio; Concerto no F\u00f3rum Internacional de\u00a0Sustentabilidade da UFPel; Projeto Prata da Casa, no Teatro Municipal de Rio Grande; Concerto dos\u00a0\u201c25 anos do Centro Municipal de Cultura de Rio Grande\u201d; Concerto na 36\u00aa Feira do Livro da\u00a0Universidade Federal do Rio Grande; Grava\u00e7\u00e3o do programa MUSIURG, promovido pela TV FURG;\u00a0Participa\u00e7\u00e3o na Orquestra de Viol\u00f5es do \u201cIV Festival Internacional de Guitarra de Uruguay\u201d e do \u201cI\u00a0Festival Internacional de M\u00fasica do SESC\/RS\u201d; al\u00e9m de ter sido agraciado com o Pr\u00eamio Concertos\u00a0Did\u00e1ticos da FUNARTE e Minist\u00e9rio da Cultura pelo projeto \u201cM\u00fasica Sem Fronteiras\u201d em escolas\u00a0p\u00fablicas da fronteira do Brasil com o Uruguai.<\/p>\n","protected":false},"excerpt":{"rendered":"<p>Associa\u00e7\u00e3o Amigos do Conservat\u00f3rio de M\u00fasica\u00a0 promove recital com Latino-Am\u00e9rica Duo\u00a0no dia 03 de maio \u00e0s 19h30min na Bibliotheca P\u00fablica Pelotense. Entrada Franca. O Latino-Am\u00e9rica Duo \u00e9 um grupo que se dedica a m\u00fasica instrumental para dois viol\u00f5es, atrav\u00e9s da\u00a0fus\u00e3o &hellip; <a href=\"https:\/\/wp.ufpel.edu.br\/conservatoriodemusica\/2017\/03\/17\/latino-america-duo\/\">Continue lendo <span class=\"meta-nav\">&rarr;<\/span><\/a><\/p>\n","protected":false},"author":668,"featured_media":0,"comment_status":"closed","ping_status":"closed","sticky":false,"template":"","format":"standard","meta":{"footnotes":""},"categories":[1],"tags":[],"class_list":["post-187","post","type-post","status-publish","format-standard","hentry","category-noticias"],"jetpack_featured_media_url":"","_links":{"self":[{"href":"https:\/\/wp.ufpel.edu.br\/conservatoriodemusica\/wp-json\/wp\/v2\/posts\/187","targetHints":{"allow":["GET"]}}],"collection":[{"href":"https:\/\/wp.ufpel.edu.br\/conservatoriodemusica\/wp-json\/wp\/v2\/posts"}],"about":[{"href":"https:\/\/wp.ufpel.edu.br\/conservatoriodemusica\/wp-json\/wp\/v2\/types\/post"}],"author":[{"embeddable":true,"href":"https:\/\/wp.ufpel.edu.br\/conservatoriodemusica\/wp-json\/wp\/v2\/users\/668"}],"replies":[{"embeddable":true,"href":"https:\/\/wp.ufpel.edu.br\/conservatoriodemusica\/wp-json\/wp\/v2\/comments?post=187"}],"version-history":[{"count":20,"href":"https:\/\/wp.ufpel.edu.br\/conservatoriodemusica\/wp-json\/wp\/v2\/posts\/187\/revisions"}],"predecessor-version":[{"id":209,"href":"https:\/\/wp.ufpel.edu.br\/conservatoriodemusica\/wp-json\/wp\/v2\/posts\/187\/revisions\/209"}],"wp:attachment":[{"href":"https:\/\/wp.ufpel.edu.br\/conservatoriodemusica\/wp-json\/wp\/v2\/media?parent=187"}],"wp:term":[{"taxonomy":"category","embeddable":true,"href":"https:\/\/wp.ufpel.edu.br\/conservatoriodemusica\/wp-json\/wp\/v2\/categories?post=187"},{"taxonomy":"post_tag","embeddable":true,"href":"https:\/\/wp.ufpel.edu.br\/conservatoriodemusica\/wp-json\/wp\/v2\/tags?post=187"}],"curies":[{"name":"wp","href":"https:\/\/api.w.org\/{rel}","templated":true}]}}