{"id":148,"date":"2017-01-18T14:19:35","date_gmt":"2017-01-18T16:19:35","guid":{"rendered":"https:\/\/wp.ufpel.edu.br\/conservatoriodemusica\/?p=148"},"modified":"2017-01-23T17:40:15","modified_gmt":"2017-01-23T19:40:15","slug":"curso-afinasul-do-conservatorio-de-musica","status":"publish","type":"post","link":"https:\/\/wp.ufpel.edu.br\/conservatoriodemusica\/2017\/01\/18\/curso-afinasul-do-conservatorio-de-musica\/","title":{"rendered":"Curso AFINASUL do Conservat\u00f3rio de M\u00fasica"},"content":{"rendered":"<p><strong><img loading=\"lazy\" decoding=\"async\" class=\"wp-image-154 alignleft\" src=\"https:\/\/wp.ufpel.edu.br\/conservatoriodemusica\/files\/2017\/01\/10697217_772473112792167_6723830504709573247_o-424x318.jpg\" alt=\"\" width=\"168\" height=\"126\" srcset=\"https:\/\/wp.ufpel.edu.br\/conservatoriodemusica\/files\/2017\/01\/10697217_772473112792167_6723830504709573247_o-424x318.jpg 424w, https:\/\/wp.ufpel.edu.br\/conservatoriodemusica\/files\/2017\/01\/10697217_772473112792167_6723830504709573247_o-212x159.jpg 212w, https:\/\/wp.ufpel.edu.br\/conservatoriodemusica\/files\/2017\/01\/10697217_772473112792167_6723830504709573247_o-768x576.jpg 768w, https:\/\/wp.ufpel.edu.br\/conservatoriodemusica\/files\/2017\/01\/10697217_772473112792167_6723830504709573247_o.jpg 2048w\" sizes=\"auto, (max-width: 168px) 100vw, 168px\" \/>PROJETO AFINA SUL 2017,\u00a0<\/strong><strong>PRIMEIRO SEMESTRE \u2013 <\/strong><strong>VAGAS LIMITADAS<\/strong><\/p>\n<p><strong>\u00a0<\/strong>Leia este informativo atentamente. Mais informa\u00e7\u00f5es pelo telefone 3222-2562 ou pessoalmente \u00e0 Rua F\u00e9lix da Cunha, 651.<\/p>\n<p><strong>\u00a0<\/strong><strong><u>MATR\u00cdCULAS PRIMEIRO SEMESTRE 2017:\u00a0 <\/u><\/strong><\/p>\n<p><strong><u>07 a 09 de mar\u00e7o (13h30min. \u00e0s 18h30min.)<\/u><\/strong><\/p>\n<p><strong>Local:<\/strong> Secretaria do Conservat\u00f3rio de M\u00fasica (Rua F\u00e9lix da Cunha, 651).<\/p>\n<p><strong>Documenta\u00e7\u00e3o necess\u00e1ria:<\/strong> c\u00f3pia da certid\u00e3o de nascimento ou RG, 01 foto 3&#215;4 e pagamento da taxa de matr\u00edcula (primeira mensalidade).<\/p>\n<p><strong>Valores mensais:<\/strong> <strong>R$<\/strong> <strong>50,00 <\/strong>(aulas semanais somente de Pr\u00e1ticas Interpretativas, para alunos ingressantes);<\/p>\n<p><strong>R$ 100,00 <\/strong>(aulas semanais de Pr\u00e1ticas Interpretativas e Teoria e Percep\u00e7\u00e3o Musical, a partir do segundo semestre).<\/p>\n<p><strong><u>\u00a0<\/u><\/strong><strong>HOR\u00c1RIO DAS AULAS <\/strong><\/p>\n<p>As aulas de Teoria e Percep\u00e7\u00e3o Musical ocorrer\u00e3o nas ter\u00e7as (TPM I-A), quartas (TPM II) e (TPM I-B) quintas das 19h \u00e0s 20h40. Os hor\u00e1rios das turmas de Pr\u00e1ticas Interpretativas ser\u00e3o definidos na semana anterior ao in\u00edcio das aulas, conforme o cronograma abaixo:<\/p>\n<p><strong><u>\u00a0<\/u><\/strong><strong><u>Reuni\u00f5es para defini\u00e7\u00e3o das turmas e hor\u00e1rios das aulas de Pr\u00e1ticas Interpretativas: <\/u><\/strong><\/p>\n<p>Canto: ter\u00e7a-feira, 02 de maio, \u00e0s 19h.<\/p>\n<p>Flauta transversal, Trompete e Guitarra: quarta-feira, 03 de maio, \u00e0s 19h.<\/p>\n<p>Violino: quinta-feira, 04 de maio, \u00e0s 19h<\/p>\n<p>Viol\u00e3o e Saxofone: sexta-feira, 05 de maio, \u00e0s 19h.<\/p>\n<p><strong>\u00a0<\/strong><strong>Inicio das aulas: <\/strong>08 de maio <strong>|<\/strong> <strong>T\u00e9rmino das aulas: <\/strong>25 de agosto<\/p>\n<p><strong><u>\u00a0<\/u><\/strong><strong><u>REMATR\u00cdCULAS:<\/u><\/strong> de 29 a 31 de agosto de 2017, das 13h30 \u00e0s 18h. <strong>(<u>o aluno regular que n\u00e3o fizer sua rematr\u00edcula dentro deste per\u00edodo perder\u00e1 automaticamente sua vaga, podendo tentar nova vaga no per\u00edodo de matr\u00edculas<\/u>)<\/strong>.<\/p>\n<p><strong>\u00a0<\/strong><strong><u>MATR\u00cdCULAS SEGUNDO SEMESTRE 2017:<\/u><\/strong> Data e hor\u00e1rio ser\u00e3o divulgados posteriormente <strong><u>(alunos novos)<\/u><\/strong><\/p>\n<p><strong>\u00a0<\/strong><strong>FUNCIONAMENTO DAS AULAS<\/strong><\/p>\n<p><strong>\u00a0<\/strong>\u00a0\u00a0\u00a0 Ser\u00e3o ministrados 16 encontros em cada disciplina ao longo do semestre.<\/p>\n<p><strong><u>Pr\u00e1ticas Interpretativas (canto, flauta transversal, violino, viol\u00e3o, guitarra, trompete e saxofone):<\/u><\/strong> aulas semanais com dura\u00e7\u00e3o de 1h em turmas de 2 a 3 alunos. O programa a ser desenvolvido \u00e9 definido por cada professor de acordo com o n\u00edvel de seus alunos. <strong>O aluno ingressante dever\u00e1 matricular-se exclusivamente nas aulas de Pr\u00e1ticas Interpretativas (canto, viol\u00e3o, violino, trompete, flauta transversal, sax ou guitarra), pagando uma taxa mensal de R$ 50,00. <\/strong><\/p>\n<p><strong><u>Teoria e Percep\u00e7\u00e3o Musical<\/u><\/strong>: aulas semanais coletivas, com dura\u00e7\u00e3o de 1h50min. Programa distribu\u00eddo em dois semestres. Para o bom aproveitamento dessas aulas \u00e9 necess\u00e1rio ter experi\u00eancia pr\u00e9via no instrumento escolhido ou HAVER OBTIDO APROVA\u00c7\u00c3O em no m\u00ednimo um semestre de aulas de instrumento dentro do projeto. Somente alunos que comprovem experi\u00eancia pr\u00e9via no instrumento escolhido poder\u00e3o fazer tamb\u00e9m a matr\u00edcula em Teoria e Percep\u00e7\u00e3o I j\u00e1 no primeiro semestre.<\/p>\n<p><strong>\u00a0<\/strong><strong>FREQU\u00caNCIA<\/strong><\/p>\n<p>O aluno ser\u00e1 considerado reprovado por infrequ\u00eancia se tiver faltado a mais de 4 encontros no semestre. A vaga do aluno infrequente ser\u00e1 imediatamente preenchida pelo pr\u00f3ximo aluno da lista de espera assim que a infrequ\u00eancia seja constatada.<\/p>\n<p><strong>AVALIA\u00c7\u00c3O<\/strong><\/p>\n<p>Em ambos os cursos (Teoria e Percep\u00e7\u00e3o Musical e Pr\u00e1ticas Interpretativas) ser\u00e3o realizadas duas provas com peso 10, uma na metade do semestre (servindo para orienta\u00e7\u00f5es do professor quanto \u00e0 continua\u00e7\u00e3o do trabalho) e outra no final. A m\u00e9dia final de cada aluno ser\u00e1 calculada com base nas pontua\u00e7\u00f5es atingidas em cada curso (Teoria e Percep\u00e7\u00e3o e Pr\u00e1ticas Interpretativas). O n\u00e3o comparecimento \u00e0s provas importar\u00e1 na atribui\u00e7\u00e3o de nota 0 (zero). Alunos com m\u00e9dia semestral igual ou superior a 7,0 (sete) e m\u00ednimo de 75% de presen\u00e7a ser\u00e3o aprovados, podendo solicitar certificado de participa\u00e7\u00e3o junto \u00e0 secretaria ao final do ano.<\/p>\n<p>O aluno que for reprovado <strong><u>nas aulas pr\u00e1ticas ou te\u00f3ricas<\/u><\/strong> por DOIS SEMESTRES SEGUIDOS (por infrequ\u00eancia ou por ter obtido m\u00e9dia semestral inferior a 7,0) ficar\u00e1 impossibilitado de realizar nova matr\u00edcula no semestre seguinte. ALUNOS BOLSISTAS que forem reprovados UMA VEZ, por infrequ\u00eancia ou por m\u00e9dia semestral insuficiente, perder\u00e3o automaticamente o direito \u00e0 bolsa de estudos, a qual ser\u00e1 concedida a outro aluno que a necessite.<\/p>\n<p><strong>MENSALIDADES N\u00c3O PAGAS<\/strong><\/p>\n<p>O aluno que n\u00e3o pagar sua mensalidade por dois meses seguidos perder\u00e1 automaticamente sua vaga, liberando-a para o pr\u00f3ximo na lista de espera, visto que \u00e9 insustent\u00e1vel manter o bom funcionamento do projeto se houverem alunos em d\u00edvida.<\/p>\n<p><strong>BOLSAS DE ESTUDO<\/strong><\/p>\n<p>Estudantes de baixa renda que estejam regularmente matriculados em escolas p\u00fablicas poder\u00e3o ficar isentos do pagamento. Em todos os semestres s\u00e3o distribu\u00eddas bolsas de estudo para at\u00e9 25% do total de inscritos, mediante sele\u00e7\u00e3o realizada com base na an\u00e1lise dos documentos apresentados. Bolsistas reprovados por nota ou por infrequ\u00eancia perder\u00e3o automaticamente o direito \u00e0 renova\u00e7\u00e3o da bolsa de estudos. Todo aluno bolsista com rendimento semestral igual ou superior a 7,0 ter\u00e1 sua bolsa automaticamente renovada.<br \/>\n<strong><br \/>\nDocumentos Necess\u00e1rios para a requisi\u00e7\u00e3o de bolsa de estudo:<\/strong><\/p>\n<p>&#8211; Atestado de matr\u00edcula em escola p\u00fablica para o semestre desejado;<br \/>\n&#8211; Comprovante de renda mensal dos pais ou respons\u00e1veis (ou do pr\u00f3prio requerente)*;<br \/>\n&#8211; Carta expondo a requisi\u00e7\u00e3o da bolsa com suas justificativas de motivos e necessidades (se poss\u00edvel, impressa).<\/p>\n<p>*S\u00e3o aceitos os tr\u00eas \u00faltimos demonstrativos de pagamento (contracheques) ou a Declara\u00e7\u00e3o de Imposto de Renda do ano vigente.<\/p>\n<p style=\"text-align: center\">COORDENADOR: PROF. GUILHERME TAVARES<\/p>\n<p>APOIO: <strong>ASSAMCON &#8211; Associa\u00e7\u00e3o Amigos do Conservat\u00f3rio de M\u00fasica<\/strong><\/p>\n","protected":false},"excerpt":{"rendered":"<p>PROJETO AFINA SUL 2017,\u00a0PRIMEIRO SEMESTRE \u2013 VAGAS LIMITADAS \u00a0Leia este informativo atentamente. Mais informa\u00e7\u00f5es pelo telefone 3222-2562 ou pessoalmente \u00e0 Rua F\u00e9lix da Cunha, 651. \u00a0MATR\u00cdCULAS PRIMEIRO SEMESTRE 2017:\u00a0 07 a 09 de mar\u00e7o (13h30min. \u00e0s 18h30min.) Local: Secretaria do &hellip; <a href=\"https:\/\/wp.ufpel.edu.br\/conservatoriodemusica\/2017\/01\/18\/curso-afinasul-do-conservatorio-de-musica\/\">Continue lendo <span class=\"meta-nav\">&rarr;<\/span><\/a><\/p>\n","protected":false},"author":668,"featured_media":0,"comment_status":"closed","ping_status":"closed","sticky":false,"template":"","format":"standard","meta":{"footnotes":""},"categories":[1],"tags":[],"class_list":["post-148","post","type-post","status-publish","format-standard","hentry","category-noticias"],"jetpack_featured_media_url":"","_links":{"self":[{"href":"https:\/\/wp.ufpel.edu.br\/conservatoriodemusica\/wp-json\/wp\/v2\/posts\/148","targetHints":{"allow":["GET"]}}],"collection":[{"href":"https:\/\/wp.ufpel.edu.br\/conservatoriodemusica\/wp-json\/wp\/v2\/posts"}],"about":[{"href":"https:\/\/wp.ufpel.edu.br\/conservatoriodemusica\/wp-json\/wp\/v2\/types\/post"}],"author":[{"embeddable":true,"href":"https:\/\/wp.ufpel.edu.br\/conservatoriodemusica\/wp-json\/wp\/v2\/users\/668"}],"replies":[{"embeddable":true,"href":"https:\/\/wp.ufpel.edu.br\/conservatoriodemusica\/wp-json\/wp\/v2\/comments?post=148"}],"version-history":[{"count":4,"href":"https:\/\/wp.ufpel.edu.br\/conservatoriodemusica\/wp-json\/wp\/v2\/posts\/148\/revisions"}],"predecessor-version":[{"id":156,"href":"https:\/\/wp.ufpel.edu.br\/conservatoriodemusica\/wp-json\/wp\/v2\/posts\/148\/revisions\/156"}],"wp:attachment":[{"href":"https:\/\/wp.ufpel.edu.br\/conservatoriodemusica\/wp-json\/wp\/v2\/media?parent=148"}],"wp:term":[{"taxonomy":"category","embeddable":true,"href":"https:\/\/wp.ufpel.edu.br\/conservatoriodemusica\/wp-json\/wp\/v2\/categories?post=148"},{"taxonomy":"post_tag","embeddable":true,"href":"https:\/\/wp.ufpel.edu.br\/conservatoriodemusica\/wp-json\/wp\/v2\/tags?post=148"}],"curies":[{"name":"wp","href":"https:\/\/api.w.org\/{rel}","templated":true}]}}