{"id":105,"date":"2016-08-31T15:04:58","date_gmt":"2016-08-31T18:04:58","guid":{"rendered":"https:\/\/wp.ufpel.edu.br\/conservatoriodemusica\/?p=105"},"modified":"2016-08-31T15:19:20","modified_gmt":"2016-08-31T18:19:20","slug":"homenagem-aos-98-anos-do-conservatorio-de-musica-da-ufpel","status":"publish","type":"post","link":"https:\/\/wp.ufpel.edu.br\/conservatoriodemusica\/2016\/08\/31\/homenagem-aos-98-anos-do-conservatorio-de-musica-da-ufpel\/","title":{"rendered":"Homenagem aos 98 anos do Conservat\u00f3rio de M\u00fasica da UFPel"},"content":{"rendered":"<p><img loading=\"lazy\" decoding=\"async\" class=\"alignnone wp-image-11 alignright\" src=\"https:\/\/wp.ufpel.edu.br\/conservatoriodemusica\/files\/2016\/07\/10626617_772472609458884_9126877413232587253_n-424x318.jpg\" alt=\"10626617_772472609458884_9126877413232587253_n\" width=\"225\" height=\"168\" srcset=\"https:\/\/wp.ufpel.edu.br\/conservatoriodemusica\/files\/2016\/07\/10626617_772472609458884_9126877413232587253_n-424x318.jpg 424w, https:\/\/wp.ufpel.edu.br\/conservatoriodemusica\/files\/2016\/07\/10626617_772472609458884_9126877413232587253_n-212x159.jpg 212w, https:\/\/wp.ufpel.edu.br\/conservatoriodemusica\/files\/2016\/07\/10626617_772472609458884_9126877413232587253_n-768x576.jpg 768w, https:\/\/wp.ufpel.edu.br\/conservatoriodemusica\/files\/2016\/07\/10626617_772472609458884_9126877413232587253_n.jpg 800w\" sizes=\"auto, (max-width: 225px) 100vw, 225px\" \/>Nos dias 21, 22 e 23 de setembro de 2016 ser\u00e3o realizados recitais em comemora\u00e7\u00e3o aos 98 anos do Conservat\u00f3rio de M\u00fasica (Rua F\u00e9lix da Cunha, 651, tel. (53) 3222-2562). Os eventos ser\u00e3o \u00e0s 19h 30minutos, na Bibliotheca P\u00fablica Pelotense (P\u00e7a. Cel Pedro Os\u00f3rio), institui\u00e7\u00e3o que tem acolhido e apoiado em toda a sua plenitude os eventos que est\u00e3o sendo promovidos pelo Conservat\u00f3rio, devido \u00e0 interdi\u00e7\u00e3o do Sal\u00e3o Milton de Lemos.<br \/>\nOs eventos dos dias 21 e 22 quarta e quinta-feira respectivamente ser\u00e3o coordenados pelo professor Marcelo Macedo Cazarr\u00e9; o dia 21 est\u00e1 consagrado a um recital de canto e piano com a participa\u00e7\u00e3o de praticamente toda a classe de canto do Curso de Bacharelado em M\u00fasica da UFPel e dois flautista convidados do curso de flauta transversal, os discentes executar\u00e3o \u00e1rias antigas do repert\u00f3rio Barroco e \u00e1rias de \u00f3peras do per\u00edodo Cl\u00e1ssico, este tipo de programa \u00e9 uma inova\u00e7\u00e3o na constru\u00e7\u00e3o de espet\u00e1culos eruditos musicais, porque apresentar\u00e1 obras de compositores h\u00e1 muito esquecidos do grande p\u00fablico.<br \/>\nJ\u00e1 na quinta-feira dia 22 de setembro, o Conservat\u00f3rio de M\u00fasica oferecer\u00e1 \u00e0 sociedade pelotense um recital com a participa\u00e7\u00e3o de convidados, alunos de piano e canto e professores de piano, canto, flauta, violino e viol\u00e3o nas forma\u00e7\u00f5es camer\u00edsticas mais diversas poss\u00edveis. O repert\u00f3rio da noite vindoura ser\u00e1 constitu\u00eddo de obras eruditas principalmente do per\u00edodo Rom\u00e2ntico, obras de m\u00fasica popular e m\u00fasica brasileira. A programa\u00e7\u00e3o do dia 23 est\u00e1 a cargo da professora Leonora Oxley Rodrigues Diretora do Conservat\u00f3rio de M\u00fasica da UFPel, ser\u00e1 posteriormente divulgada.<\/p>\n<p><strong>Conservat\u00f3rio de M\u00fasica a \u201csoma de todas as vontades pelotenses\u201d.<\/strong> Uma trajet\u00f3ria de intensa luta e persist\u00eancia diante de todas as dificuldades encontradas, e o desejo de continuar a contribuir com a cultura do Rio Grande do Sul.<br \/>\nReconhecido com Patrim\u00f4nio Cultural do Estado, em junho de 2004, vem refor\u00e7ar sua import\u00e2ncia na hist\u00f3ria e identidade do nosso Estado.<br \/>\nO pr\u00e9dio do Conservat\u00f3rio de M\u00fasica quanto tudo o que se encontra dentro dele, como por exemplo, os instrumentos musicais, seu mobili\u00e1rios, s\u00e3o s\u00edmbolos da mem\u00f3ria cultural de nossa cidade.<br \/>\nEsta institui\u00e7\u00e3o educativa quase centen\u00e1ria possui sua exist\u00eancia pr\u00f3pria, recorrente de sua hist\u00f3ria, exist\u00eancia esta que de certa forma incide sobre a sociedade e se apresenta como construtora de s\u00edmbolos. Todas essas a\u00e7\u00f5es ocorridas nesse espa\u00e7o n\u00e3o seriam poss\u00edveis sem os objetos l\u00e1 existentes: n\u00e3o haveria aulas, concertos, palestras, recitais, m\u00e1ster classes, oficinas, projetos de extens\u00e3o e pesquisa; e tamb\u00e9m de nada adiantaria todos os objetos encontrados no pr\u00e9dio o Conservat\u00f3rio, inclusive ele mesmo, caso n\u00e3o houvesse a\u00e7\u00f5es nesse sentido.<\/p>\n<p style=\"text-align: center\"><strong>\u201cRUMO AOS 100 ANOS DO CONSERVAT\u00d3RIO DE M\u00daSICA\u201d<\/strong><\/p>\n","protected":false},"excerpt":{"rendered":"<p>Nos dias 21, 22 e 23 de setembro de 2016 ser\u00e3o realizados recitais em comemora\u00e7\u00e3o aos 98 anos do Conservat\u00f3rio de M\u00fasica (Rua F\u00e9lix da Cunha, 651, tel. (53) 3222-2562). Os eventos ser\u00e3o \u00e0s 19h 30minutos, na Bibliotheca P\u00fablica Pelotense &hellip; <a href=\"https:\/\/wp.ufpel.edu.br\/conservatoriodemusica\/2016\/08\/31\/homenagem-aos-98-anos-do-conservatorio-de-musica-da-ufpel\/\">Continue lendo <span class=\"meta-nav\">&rarr;<\/span><\/a><\/p>\n","protected":false},"author":668,"featured_media":0,"comment_status":"closed","ping_status":"closed","sticky":false,"template":"","format":"standard","meta":{"footnotes":""},"categories":[1],"tags":[],"class_list":["post-105","post","type-post","status-publish","format-standard","hentry","category-noticias"],"jetpack_featured_media_url":"","_links":{"self":[{"href":"https:\/\/wp.ufpel.edu.br\/conservatoriodemusica\/wp-json\/wp\/v2\/posts\/105","targetHints":{"allow":["GET"]}}],"collection":[{"href":"https:\/\/wp.ufpel.edu.br\/conservatoriodemusica\/wp-json\/wp\/v2\/posts"}],"about":[{"href":"https:\/\/wp.ufpel.edu.br\/conservatoriodemusica\/wp-json\/wp\/v2\/types\/post"}],"author":[{"embeddable":true,"href":"https:\/\/wp.ufpel.edu.br\/conservatoriodemusica\/wp-json\/wp\/v2\/users\/668"}],"replies":[{"embeddable":true,"href":"https:\/\/wp.ufpel.edu.br\/conservatoriodemusica\/wp-json\/wp\/v2\/comments?post=105"}],"version-history":[{"count":3,"href":"https:\/\/wp.ufpel.edu.br\/conservatoriodemusica\/wp-json\/wp\/v2\/posts\/105\/revisions"}],"predecessor-version":[{"id":109,"href":"https:\/\/wp.ufpel.edu.br\/conservatoriodemusica\/wp-json\/wp\/v2\/posts\/105\/revisions\/109"}],"wp:attachment":[{"href":"https:\/\/wp.ufpel.edu.br\/conservatoriodemusica\/wp-json\/wp\/v2\/media?parent=105"}],"wp:term":[{"taxonomy":"category","embeddable":true,"href":"https:\/\/wp.ufpel.edu.br\/conservatoriodemusica\/wp-json\/wp\/v2\/categories?post=105"},{"taxonomy":"post_tag","embeddable":true,"href":"https:\/\/wp.ufpel.edu.br\/conservatoriodemusica\/wp-json\/wp\/v2\/tags?post=105"}],"curies":[{"name":"wp","href":"https:\/\/api.w.org\/{rel}","templated":true}]}}