{"id":4163,"date":"2013-06-20T16:11:51","date_gmt":"2013-06-20T16:11:51","guid":{"rendered":"https:\/\/wp.ufpel.edu.br\/consagro\/?p=4163"},"modified":"2015-06-30T11:44:17","modified_gmt":"2015-06-30T14:44:17","slug":"sistematizacao-experiencia","status":"publish","type":"post","link":"https:\/\/wp.ufpel.edu.br\/consagro\/2013\/06\/20\/sistematizacao-experiencia\/","title":{"rendered":"Sistematiza\u00e7\u00e3o experi\u00eancia"},"content":{"rendered":"<p>A Revista de Sistematiza\u00e7\u00e3o de experi\u00eancia com jovens agricultores familiares,\u00a0feito pela FASE Bahia, nos anos de 2011 e 2012, est\u00e1 dispon\u00edvel em vers\u00e3o digital.\u00a0O trabalho trata \u00a0de uma interven\u00e7\u00e3o educativa que combinava assessoria t\u00e9cnica, forma\u00e7\u00e3o, promo\u00e7\u00e3o da inclus\u00e3o social, implanta\u00e7\u00e3o de N\u00facleos Produtivos com jovens agricultores, e multiplica\u00e7\u00e3o de conhecimentos com outras fam\u00edlias agricultoras da comunidade.<\/p>\n<p><a href=\"https:\/\/wp.ufpel.edu.br\/consagro\/files\/2013\/06\/bahia.png\"><img loading=\"lazy\" decoding=\"async\" class=\"alignnone  wp-image-4166\" alt=\"bahia\" src=\"https:\/\/wp.ufpel.edu.br\/consagro\/files\/2013\/06\/bahia-150x150.png\" width=\"90\" height=\"90\" \/><\/a><\/p>\n<p>Leia o trabalho!!!<\/p>\n<p>Click aqui-&gt;<a href=\"http:\/\/issuu.com\/fasebahia\/docs\/revista_de_sistematiza__o_-__fase_bahia?e=6815866\/1200994\">Experi\u00eancia jovens agricultores familiares<\/a><\/p>\n<p>&nbsp;<\/p>\n","protected":false},"excerpt":{"rendered":"<p>A Revista de Sistematiza\u00e7\u00e3o de experi\u00eancia com jovens agricultores familiares,\u00a0feito pela FASE Bahia, nos anos de 2011 e 2012, est\u00e1 dispon\u00edvel em vers\u00e3o digital.\u00a0O trabalho trata \u00a0de uma interven\u00e7\u00e3o educativa que combinava assessoria t\u00e9cnica, forma\u00e7\u00e3o, promo\u00e7\u00e3o da inclus\u00e3o social, implanta\u00e7\u00e3o de N\u00facleos Produtivos com jovens agricultores, e multiplica\u00e7\u00e3o de conhecimentos com outras fam\u00edlias agricultoras da [&hellip;]<\/p>\n","protected":false},"author":40,"featured_media":0,"comment_status":"closed","ping_status":"open","sticky":false,"template":"","format":"standard","meta":{"jetpack_post_was_ever_published":false,"_jetpack_newsletter_access":"","_jetpack_dont_email_post_to_subs":false,"_jetpack_newsletter_tier_id":0,"_jetpack_memberships_contains_paywalled_content":false,"_jetpack_memberships_contains_paid_content":false,"footnotes":"","jetpack_publicize_message":"","jetpack_publicize_feature_enabled":true,"jetpack_social_post_already_shared":true,"jetpack_social_options":{"image_generator_settings":{"template":"highway","default_image_id":0,"font":"","enabled":false},"version":2}},"categories":[4],"tags":[],"class_list":["post-4163","post","type-post","status-publish","format-standard","hentry","category-noticias"],"jetpack_publicize_connections":[],"jetpack_featured_media_url":"","jetpack_sharing_enabled":true,"jetpack_shortlink":"https:\/\/wp.me\/p2YLUy-159","_links":{"self":[{"href":"https:\/\/wp.ufpel.edu.br\/consagro\/wp-json\/wp\/v2\/posts\/4163","targetHints":{"allow":["GET"]}}],"collection":[{"href":"https:\/\/wp.ufpel.edu.br\/consagro\/wp-json\/wp\/v2\/posts"}],"about":[{"href":"https:\/\/wp.ufpel.edu.br\/consagro\/wp-json\/wp\/v2\/types\/post"}],"author":[{"embeddable":true,"href":"https:\/\/wp.ufpel.edu.br\/consagro\/wp-json\/wp\/v2\/users\/40"}],"replies":[{"embeddable":true,"href":"https:\/\/wp.ufpel.edu.br\/consagro\/wp-json\/wp\/v2\/comments?post=4163"}],"version-history":[{"count":3,"href":"https:\/\/wp.ufpel.edu.br\/consagro\/wp-json\/wp\/v2\/posts\/4163\/revisions"}],"predecessor-version":[{"id":4433,"href":"https:\/\/wp.ufpel.edu.br\/consagro\/wp-json\/wp\/v2\/posts\/4163\/revisions\/4433"}],"wp:attachment":[{"href":"https:\/\/wp.ufpel.edu.br\/consagro\/wp-json\/wp\/v2\/media?parent=4163"}],"wp:term":[{"taxonomy":"category","embeddable":true,"href":"https:\/\/wp.ufpel.edu.br\/consagro\/wp-json\/wp\/v2\/categories?post=4163"},{"taxonomy":"post_tag","embeddable":true,"href":"https:\/\/wp.ufpel.edu.br\/consagro\/wp-json\/wp\/v2\/tags?post=4163"}],"curies":[{"name":"wp","href":"https:\/\/api.w.org\/{rel}","templated":true}]}}