{"id":192,"date":"2018-10-29T19:41:49","date_gmt":"2018-10-29T22:41:49","guid":{"rendered":"https:\/\/wp.ufpel.edu.br\/congressoinovacao\/?p=192"},"modified":"2019-07-04T11:13:55","modified_gmt":"2019-07-04T14:13:55","slug":"apresentadoresas-destaque-no-ii-cit","status":"publish","type":"post","link":"https:\/\/wp.ufpel.edu.br\/congressoinovacao\/2018\/10\/29\/apresentadoresas-destaque-no-ii-cit\/","title":{"rendered":"Apresentadores(as) Destaque no II CIT"},"content":{"rendered":"<p>A Comiss\u00e3o Executiva do II Congresso de Inova\u00e7\u00e3o Tecnol\u00f3gica (CIT) divulga abaixo a lista de alunos(as) que foram destaque na sua se\u00e7\u00e3o de trabalhos.<\/p>\n<p><a href=\"https:\/\/wp.ufpel.edu.br\/congressoinovacao\/files\/2018\/10\/DESTAQUES-CIT-2018.pdf\">Destaques II CIT<\/a><\/p>\n<p>Os certificados ser\u00e3o liberados juntamente com os demais, na p\u00e1gina do evento.<\/p>\n<p>Parab\u00e9ns a todos(as)!<\/p>\n","protected":false},"excerpt":{"rendered":"<p>A Comiss\u00e3o Executiva do II Congresso de Inova\u00e7\u00e3o Tecnol\u00f3gica (CIT) divulga abaixo a lista de alunos(as) que foram destaque na sua se\u00e7\u00e3o de trabalhos. Destaques II CIT Os certificados ser\u00e3o liberados juntamente com os demais, na p\u00e1gina do evento. Parab\u00e9ns a todos(as)!<\/p>\n","protected":false},"author":783,"featured_media":0,"comment_status":"closed","ping_status":"closed","sticky":false,"template":"","format":"standard","meta":{"jetpack_post_was_ever_published":false,"_jetpack_newsletter_access":"","_jetpack_dont_email_post_to_subs":false,"_jetpack_newsletter_tier_id":0,"_jetpack_memberships_contains_paywalled_content":false,"_jetpack_memberships_contains_paid_content":false,"footnotes":"","jetpack_publicize_message":"","jetpack_publicize_feature_enabled":true,"jetpack_social_post_already_shared":true,"jetpack_social_options":{"image_generator_settings":{"template":"highway","default_image_id":0,"font":"","enabled":false},"version":2},"_links_to":"","_links_to_target":""},"categories":[4,1],"tags":[],"class_list":["post-192","post","type-post","status-publish","format-standard","hentry","category-4","category-noticias"],"jetpack_publicize_connections":[],"jetpack_featured_media_url":"","jetpack_sharing_enabled":true,"_links":{"self":[{"href":"https:\/\/wp.ufpel.edu.br\/congressoinovacao\/wp-json\/wp\/v2\/posts\/192","targetHints":{"allow":["GET"]}}],"collection":[{"href":"https:\/\/wp.ufpel.edu.br\/congressoinovacao\/wp-json\/wp\/v2\/posts"}],"about":[{"href":"https:\/\/wp.ufpel.edu.br\/congressoinovacao\/wp-json\/wp\/v2\/types\/post"}],"author":[{"embeddable":true,"href":"https:\/\/wp.ufpel.edu.br\/congressoinovacao\/wp-json\/wp\/v2\/users\/783"}],"replies":[{"embeddable":true,"href":"https:\/\/wp.ufpel.edu.br\/congressoinovacao\/wp-json\/wp\/v2\/comments?post=192"}],"version-history":[{"count":1,"href":"https:\/\/wp.ufpel.edu.br\/congressoinovacao\/wp-json\/wp\/v2\/posts\/192\/revisions"}],"predecessor-version":[{"id":195,"href":"https:\/\/wp.ufpel.edu.br\/congressoinovacao\/wp-json\/wp\/v2\/posts\/192\/revisions\/195"}],"wp:attachment":[{"href":"https:\/\/wp.ufpel.edu.br\/congressoinovacao\/wp-json\/wp\/v2\/media?parent=192"}],"wp:term":[{"taxonomy":"category","embeddable":true,"href":"https:\/\/wp.ufpel.edu.br\/congressoinovacao\/wp-json\/wp\/v2\/categories?post=192"},{"taxonomy":"post_tag","embeddable":true,"href":"https:\/\/wp.ufpel.edu.br\/congressoinovacao\/wp-json\/wp\/v2\/tags?post=192"}],"curies":[{"name":"wp","href":"https:\/\/api.w.org\/{rel}","templated":true}]}}