{"id":823,"date":"2018-07-16T18:03:24","date_gmt":"2018-07-16T21:03:24","guid":{"rendered":"https:\/\/wp.ufpel.edu.br\/congressoextensao\/?p=823"},"modified":"2019-07-04T11:26:32","modified_gmt":"2019-07-04T14:26:32","slug":"disponiveis-os-anais-do-iv-congresso-de-extensao-e-cultura","status":"publish","type":"post","link":"https:\/\/wp.ufpel.edu.br\/congressoextensao\/2018\/07\/16\/disponiveis-os-anais-do-iv-congresso-de-extensao-e-cultura\/","title":{"rendered":"Dispon\u00edveis os Anais do IV Congresso de Extens\u00e3o e Cultura"},"content":{"rendered":"<p>A Comiss\u00e3o Organizadora do CEC agradece a participa\u00e7\u00e3o da comunidade extensionista e informa que os Anais do IV Congresso de Extens\u00e3o e Cultura est\u00e3o dispon\u00edveis.<\/p>\n<p>Os anais foram divididos em volumes, cada um correspondendo a uma \u00e1rea tem\u00e1tica da extens\u00e3o. Este sistema facilita a busca do texto pelos autores, bem como a impress\u00e3o, se desejada.<\/p>\n<p><a href=\"https:\/\/wp.ufpel.edu.br\/congressoextensao\/anais-2017\/\">Acesse os anais de 2017.<\/a><\/p>\n","protected":false},"excerpt":{"rendered":"<p>A Comiss\u00e3o Organizadora do CEC agradece a participa\u00e7\u00e3o da comunidade extensionista e informa que os Anais do IV Congresso de Extens\u00e3o e Cultura est\u00e3o dispon\u00edveis. Os anais foram divididos em volumes, cada um correspondendo a uma \u00e1rea tem\u00e1tica da extens\u00e3o. Este sistema facilita a busca do texto pelos autores, bem como a impress\u00e3o, se desejada. &hellip; <a href=\"https:\/\/wp.ufpel.edu.br\/congressoextensao\/2018\/07\/16\/disponiveis-os-anais-do-iv-congresso-de-extensao-e-cultura\/\" class=\"more-link\">Continue lendo <span class=\"screen-reader-text\">Dispon\u00edveis os Anais do IV Congresso de Extens\u00e3o e Cultura<\/span> <span class=\"meta-nav\">&rarr;<\/span><\/a><\/p>\n","protected":false},"author":411,"featured_media":0,"comment_status":"closed","ping_status":"closed","sticky":false,"template":"","format":"standard","meta":{"jetpack_post_was_ever_published":false,"_jetpack_newsletter_access":"","_jetpack_dont_email_post_to_subs":false,"_jetpack_newsletter_tier_id":0,"_jetpack_memberships_contains_paywalled_content":false,"_jetpack_memberships_contains_paid_content":false,"footnotes":"","jetpack_publicize_message":"","jetpack_publicize_feature_enabled":true,"jetpack_social_post_already_shared":true,"jetpack_social_options":{"image_generator_settings":{"template":"highway","default_image_id":0,"font":"","enabled":false},"version":2},"_links_to":"","_links_to_target":""},"categories":[17039,18],"tags":[],"class_list":["post-823","post","type-post","status-publish","format-standard","hentry","category-17039","category-noticias"],"jetpack_publicize_connections":[],"jetpack_featured_media_url":"","jetpack_sharing_enabled":true,"_links":{"self":[{"href":"https:\/\/wp.ufpel.edu.br\/congressoextensao\/wp-json\/wp\/v2\/posts\/823","targetHints":{"allow":["GET"]}}],"collection":[{"href":"https:\/\/wp.ufpel.edu.br\/congressoextensao\/wp-json\/wp\/v2\/posts"}],"about":[{"href":"https:\/\/wp.ufpel.edu.br\/congressoextensao\/wp-json\/wp\/v2\/types\/post"}],"author":[{"embeddable":true,"href":"https:\/\/wp.ufpel.edu.br\/congressoextensao\/wp-json\/wp\/v2\/users\/411"}],"replies":[{"embeddable":true,"href":"https:\/\/wp.ufpel.edu.br\/congressoextensao\/wp-json\/wp\/v2\/comments?post=823"}],"version-history":[{"count":1,"href":"https:\/\/wp.ufpel.edu.br\/congressoextensao\/wp-json\/wp\/v2\/posts\/823\/revisions"}],"predecessor-version":[{"id":825,"href":"https:\/\/wp.ufpel.edu.br\/congressoextensao\/wp-json\/wp\/v2\/posts\/823\/revisions\/825"}],"wp:attachment":[{"href":"https:\/\/wp.ufpel.edu.br\/congressoextensao\/wp-json\/wp\/v2\/media?parent=823"}],"wp:term":[{"taxonomy":"category","embeddable":true,"href":"https:\/\/wp.ufpel.edu.br\/congressoextensao\/wp-json\/wp\/v2\/categories?post=823"},{"taxonomy":"post_tag","embeddable":true,"href":"https:\/\/wp.ufpel.edu.br\/congressoextensao\/wp-json\/wp\/v2\/tags?post=823"}],"curies":[{"name":"wp","href":"https:\/\/api.w.org\/{rel}","templated":true}]}}