{"id":738,"date":"2017-11-17T18:07:14","date_gmt":"2017-11-17T20:07:14","guid":{"rendered":"https:\/\/wp.ufpel.edu.br\/congressoextensao\/?p=738"},"modified":"2018-06-11T09:57:39","modified_gmt":"2018-06-11T12:57:39","slug":"escala-de-horarios-das-exposicoes-de-produtos","status":"publish","type":"post","link":"https:\/\/wp.ufpel.edu.br\/congressoextensao\/2017\/11\/17\/escala-de-horarios-das-exposicoes-de-produtos\/","title":{"rendered":"Escala de hor\u00e1rios das Exposi\u00e7\u00f5es de produtos"},"content":{"rendered":"<p>Informamos que est\u00e3o dispon\u00edveis os hor\u00e1rios das Exposi\u00e7\u00f5es de produtos que acontecer\u00e3o no IV CEC.<\/p>\n<p>Confira a escala de hor\u00e1rios dos espa\u00e7os gourmets e da exposi\u00e7\u00e3o de artesanatos acessando a programa\u00e7\u00e3o completa do evento, clicando\u00a0<a href=\"https:\/\/wp.ufpel.edu.br\/congressoextensao\/programacao\/\">aqui<\/a>.<\/p>\n<p>O IV Congresso de Extens\u00e3o e Cultura ser\u00e1 realizado no Campus 2 do ICH, rua Almirante Barroso, 1202.<\/p>\n","protected":false},"excerpt":{"rendered":"<p>Informamos que est\u00e3o dispon\u00edveis os hor\u00e1rios das Exposi\u00e7\u00f5es de produtos que acontecer\u00e3o no IV CEC. Confira a escala de hor\u00e1rios dos espa\u00e7os gourmets e da exposi\u00e7\u00e3o de artesanatos acessando a programa\u00e7\u00e3o completa do evento, clicando\u00a0aqui. O IV Congresso de Extens\u00e3o e Cultura ser\u00e1 realizado no Campus 2 do ICH, rua Almirante Barroso, 1202.<\/p>\n","protected":false},"author":411,"featured_media":0,"comment_status":"closed","ping_status":"closed","sticky":false,"template":"","format":"standard","meta":{"jetpack_post_was_ever_published":false,"_jetpack_newsletter_access":"","_jetpack_dont_email_post_to_subs":false,"_jetpack_newsletter_tier_id":0,"_jetpack_memberships_contains_paywalled_content":false,"_jetpack_memberships_contains_paid_content":false,"footnotes":"","jetpack_publicize_message":"","jetpack_publicize_feature_enabled":true,"jetpack_social_post_already_shared":true,"jetpack_social_options":{"image_generator_settings":{"template":"highway","default_image_id":0,"font":"","enabled":false},"version":2},"_links_to":"","_links_to_target":""},"categories":[17038,18],"tags":[],"class_list":["post-738","post","type-post","status-publish","format-standard","hentry","category-17038","category-noticias"],"jetpack_publicize_connections":[],"jetpack_featured_media_url":"","jetpack_sharing_enabled":true,"_links":{"self":[{"href":"https:\/\/wp.ufpel.edu.br\/congressoextensao\/wp-json\/wp\/v2\/posts\/738","targetHints":{"allow":["GET"]}}],"collection":[{"href":"https:\/\/wp.ufpel.edu.br\/congressoextensao\/wp-json\/wp\/v2\/posts"}],"about":[{"href":"https:\/\/wp.ufpel.edu.br\/congressoextensao\/wp-json\/wp\/v2\/types\/post"}],"author":[{"embeddable":true,"href":"https:\/\/wp.ufpel.edu.br\/congressoextensao\/wp-json\/wp\/v2\/users\/411"}],"replies":[{"embeddable":true,"href":"https:\/\/wp.ufpel.edu.br\/congressoextensao\/wp-json\/wp\/v2\/comments?post=738"}],"version-history":[{"count":4,"href":"https:\/\/wp.ufpel.edu.br\/congressoextensao\/wp-json\/wp\/v2\/posts\/738\/revisions"}],"predecessor-version":[{"id":746,"href":"https:\/\/wp.ufpel.edu.br\/congressoextensao\/wp-json\/wp\/v2\/posts\/738\/revisions\/746"}],"wp:attachment":[{"href":"https:\/\/wp.ufpel.edu.br\/congressoextensao\/wp-json\/wp\/v2\/media?parent=738"}],"wp:term":[{"taxonomy":"category","embeddable":true,"href":"https:\/\/wp.ufpel.edu.br\/congressoextensao\/wp-json\/wp\/v2\/categories?post=738"},{"taxonomy":"post_tag","embeddable":true,"href":"https:\/\/wp.ufpel.edu.br\/congressoextensao\/wp-json\/wp\/v2\/tags?post=738"}],"curies":[{"name":"wp","href":"https:\/\/api.w.org\/{rel}","templated":true}]}}