{"id":734,"date":"2017-11-17T17:55:47","date_gmt":"2017-11-17T19:55:47","guid":{"rendered":"https:\/\/wp.ufpel.edu.br\/congressoextensao\/?p=734"},"modified":"2018-06-11T09:57:45","modified_gmt":"2018-06-11T12:57:45","slug":"data-horario-e-local-das-mesas-redondas-da-siiepe","status":"publish","type":"post","link":"https:\/\/wp.ufpel.edu.br\/congressoextensao\/2017\/11\/17\/data-horario-e-local-das-mesas-redondas-da-siiepe\/","title":{"rendered":"Data, hor\u00e1rio e Local das Mesas Redondas da SIIEPE"},"content":{"rendered":"<p>Para saber mais sobre as datas, os hor\u00e1rios e os locais das Mesas Redondas da SIIEPE, acesse a programa\u00e7\u00e3o completa clicando\u00a0<a href=\"https:\/\/wp.ufpel.edu.br\/congressoextensao\/programacao\/\">aqui<\/a>.<\/p>\n<p>O IV Congresso de Extens\u00e3o e Cultura ser\u00e1 realizado no Campus 2 do ICH, rua Almirante Barroso, 1202.<\/p>\n","protected":false},"excerpt":{"rendered":"<p>Para saber mais sobre as datas, os hor\u00e1rios e os locais das Mesas Redondas da SIIEPE, acesse a programa\u00e7\u00e3o completa clicando\u00a0aqui. O IV Congresso de Extens\u00e3o e Cultura ser\u00e1 realizado no Campus 2 do ICH, rua Almirante Barroso, 1202.<\/p>\n","protected":false},"author":411,"featured_media":0,"comment_status":"closed","ping_status":"closed","sticky":false,"template":"","format":"standard","meta":{"jetpack_post_was_ever_published":false,"_jetpack_newsletter_access":"","_jetpack_dont_email_post_to_subs":false,"_jetpack_newsletter_tier_id":0,"_jetpack_memberships_contains_paywalled_content":false,"_jetpack_memberships_contains_paid_content":false,"footnotes":"","jetpack_publicize_message":"","jetpack_publicize_feature_enabled":true,"jetpack_social_post_already_shared":true,"jetpack_social_options":{"image_generator_settings":{"template":"highway","default_image_id":0,"font":"","enabled":false},"version":2},"_links_to":"","_links_to_target":""},"categories":[17038,18],"tags":[],"class_list":["post-734","post","type-post","status-publish","format-standard","hentry","category-17038","category-noticias"],"jetpack_publicize_connections":[],"jetpack_featured_media_url":"","jetpack_sharing_enabled":true,"_links":{"self":[{"href":"https:\/\/wp.ufpel.edu.br\/congressoextensao\/wp-json\/wp\/v2\/posts\/734","targetHints":{"allow":["GET"]}}],"collection":[{"href":"https:\/\/wp.ufpel.edu.br\/congressoextensao\/wp-json\/wp\/v2\/posts"}],"about":[{"href":"https:\/\/wp.ufpel.edu.br\/congressoextensao\/wp-json\/wp\/v2\/types\/post"}],"author":[{"embeddable":true,"href":"https:\/\/wp.ufpel.edu.br\/congressoextensao\/wp-json\/wp\/v2\/users\/411"}],"replies":[{"embeddable":true,"href":"https:\/\/wp.ufpel.edu.br\/congressoextensao\/wp-json\/wp\/v2\/comments?post=734"}],"version-history":[{"count":2,"href":"https:\/\/wp.ufpel.edu.br\/congressoextensao\/wp-json\/wp\/v2\/posts\/734\/revisions"}],"predecessor-version":[{"id":737,"href":"https:\/\/wp.ufpel.edu.br\/congressoextensao\/wp-json\/wp\/v2\/posts\/734\/revisions\/737"}],"wp:attachment":[{"href":"https:\/\/wp.ufpel.edu.br\/congressoextensao\/wp-json\/wp\/v2\/media?parent=734"}],"wp:term":[{"taxonomy":"category","embeddable":true,"href":"https:\/\/wp.ufpel.edu.br\/congressoextensao\/wp-json\/wp\/v2\/categories?post=734"},{"taxonomy":"post_tag","embeddable":true,"href":"https:\/\/wp.ufpel.edu.br\/congressoextensao\/wp-json\/wp\/v2\/tags?post=734"}],"curies":[{"name":"wp","href":"https:\/\/api.w.org\/{rel}","templated":true}]}}