{"id":429,"date":"2016-09-22T17:55:29","date_gmt":"2016-09-22T20:55:29","guid":{"rendered":"https:\/\/wp.ufpel.edu.br\/congressoextensao\/?p=429"},"modified":"2017-06-26T08:56:48","modified_gmt":"2017-06-26T11:56:48","slug":"sobre-as-apresentacoes-orais-no-iii-congresso-de-extensao-e-cultura","status":"publish","type":"post","link":"https:\/\/wp.ufpel.edu.br\/congressoextensao\/2016\/09\/22\/sobre-as-apresentacoes-orais-no-iii-congresso-de-extensao-e-cultura\/","title":{"rendered":"Sobre as apresenta\u00e7\u00f5es orais no III Congresso de Extens\u00e3o e Cultura"},"content":{"rendered":"<p>Para apresenta\u00e7\u00e3o na forma oral, ser\u00e3o disponibilizados projetor e computador com entradas USB dispon\u00edveis (\u00e9 recomendado que as apresenta\u00e7\u00f5es estejam gravadas em pen drives, no formato pdf ou powerpoint, e que tenham sido previamente testadas).<\/p>\n","protected":false},"excerpt":{"rendered":"<p>Para apresenta\u00e7\u00e3o na forma oral, ser\u00e3o disponibilizados projetor e computador com entradas USB dispon\u00edveis (\u00e9 recomendado que as apresenta\u00e7\u00f5es estejam gravadas em pen drives, no formato pdf ou powerpoint, e que tenham sido previamente testadas).<\/p>\n","protected":false},"author":411,"featured_media":0,"comment_status":"closed","ping_status":"closed","sticky":false,"template":"","format":"standard","meta":{"jetpack_post_was_ever_published":false,"_jetpack_newsletter_access":"","_jetpack_dont_email_post_to_subs":false,"_jetpack_newsletter_tier_id":0,"_jetpack_memberships_contains_paywalled_content":false,"_jetpack_memberships_contains_paid_content":false,"footnotes":"","jetpack_publicize_message":"","jetpack_publicize_feature_enabled":true,"jetpack_social_post_already_shared":true,"jetpack_social_options":{"image_generator_settings":{"template":"highway","default_image_id":0,"font":"","enabled":false},"version":2},"_links_to":"","_links_to_target":""},"categories":[17037,18],"tags":[],"class_list":["post-429","post","type-post","status-publish","format-standard","hentry","category-17037","category-noticias"],"jetpack_publicize_connections":[],"jetpack_featured_media_url":"","jetpack_sharing_enabled":true,"_links":{"self":[{"href":"https:\/\/wp.ufpel.edu.br\/congressoextensao\/wp-json\/wp\/v2\/posts\/429","targetHints":{"allow":["GET"]}}],"collection":[{"href":"https:\/\/wp.ufpel.edu.br\/congressoextensao\/wp-json\/wp\/v2\/posts"}],"about":[{"href":"https:\/\/wp.ufpel.edu.br\/congressoextensao\/wp-json\/wp\/v2\/types\/post"}],"author":[{"embeddable":true,"href":"https:\/\/wp.ufpel.edu.br\/congressoextensao\/wp-json\/wp\/v2\/users\/411"}],"replies":[{"embeddable":true,"href":"https:\/\/wp.ufpel.edu.br\/congressoextensao\/wp-json\/wp\/v2\/comments?post=429"}],"version-history":[{"count":2,"href":"https:\/\/wp.ufpel.edu.br\/congressoextensao\/wp-json\/wp\/v2\/posts\/429\/revisions"}],"predecessor-version":[{"id":432,"href":"https:\/\/wp.ufpel.edu.br\/congressoextensao\/wp-json\/wp\/v2\/posts\/429\/revisions\/432"}],"wp:attachment":[{"href":"https:\/\/wp.ufpel.edu.br\/congressoextensao\/wp-json\/wp\/v2\/media?parent=429"}],"wp:term":[{"taxonomy":"category","embeddable":true,"href":"https:\/\/wp.ufpel.edu.br\/congressoextensao\/wp-json\/wp\/v2\/categories?post=429"},{"taxonomy":"post_tag","embeddable":true,"href":"https:\/\/wp.ufpel.edu.br\/congressoextensao\/wp-json\/wp\/v2\/tags?post=429"}],"curies":[{"name":"wp","href":"https:\/\/api.w.org\/{rel}","templated":true}]}}