{"id":425,"date":"2016-09-16T20:13:30","date_gmt":"2016-09-16T23:13:30","guid":{"rendered":"https:\/\/wp.ufpel.edu.br\/congressoextensao\/?p=425"},"modified":"2017-06-26T08:56:48","modified_gmt":"2017-06-26T11:56:48","slug":"divulgado-o-cronograma-de-apresentacoes-do-iii-congresso-de-extensao-e-cultura","status":"publish","type":"post","link":"https:\/\/wp.ufpel.edu.br\/congressoextensao\/2016\/09\/16\/divulgado-o-cronograma-de-apresentacoes-do-iii-congresso-de-extensao-e-cultura\/","title":{"rendered":"Divulgado o cronograma de apresenta\u00e7\u00f5es do III Congresso de Extens\u00e3o e Cultura"},"content":{"rendered":"<p>A Pr\u00f3-Reitoria de Extens\u00e3o e Cultura torna p\u00fablica a rela\u00e7\u00e3o\u00a0dos hor\u00e1rios e salas de apresenta\u00e7\u00f5es para o III Congresso de Extens\u00e3o e Cultura (CEC), organizados por linha tem\u00e1tica.<\/p>\n<p>O credenciamento dos participantes (apresentadores e ouvintes) da SIEPE come\u00e7ar\u00e1 a partir das 13 horas, de\u00a0segunda-feira, 26\/09\/2016, no t\u00e9rreo do Anglo.<\/p>\n<p>Considerando a proximidade do evento e que os\u00a0estudantes da UFPel n\u00e3o ter\u00e3o aulas no per\u00edodo, N\u00c3O SER\u00c1 POSS\u00cdVEL REALIZAR MODIFICA\u00c7\u00d5ES NA PROGRAMA\u00c7\u00c3O, exceto no caso de apresenta\u00e7\u00f5es concomitantes de algum participante no CIC e ENPOS.<\/p>\n<p>&nbsp;<\/p>\n<p><a href=\"https:\/\/wp.ufpel.edu.br\/prec\/files\/2016\/09\/COMUNICA%C3%87%C3%83O.pdf\" target=\"_blank\">Comunica\u00e7\u00e3o<\/a><\/p>\n<p><a href=\"https:\/\/wp.ufpel.edu.br\/prec\/files\/2016\/09\/CULTURA-1.pdf\" target=\"_blank\">Cultura<\/a><\/p>\n<p><a href=\"https:\/\/wp.ufpel.edu.br\/prec\/files\/2016\/09\/DIREITOS-HUMANOS-E-JUSTI%C3%87A.pdf\" target=\"_blank\">Direitos Humanos e Justi\u00e7a<\/a><\/p>\n<p><a href=\"https:\/\/wp.ufpel.edu.br\/prec\/files\/2016\/09\/EDUCA%C3%87AO.pdf\">Educa\u00e7\u00e3o<\/a><\/p>\n<p><a href=\"https:\/\/wp.ufpel.edu.br\/prec\/files\/2016\/09\/MEIO-AMBIENTE.pdf\" target=\"_blank\">Meio Ambiente<\/a><\/p>\n<p><a href=\"https:\/\/wp.ufpel.edu.br\/prec\/files\/2016\/09\/SA%C3%9ADE.pdf\" target=\"_blank\">Sa\u00fade<\/a><\/p>\n<p><a href=\"https:\/\/wp.ufpel.edu.br\/prec\/files\/2016\/09\/TECNOLOGIA-E-PRODU%C3%87%C3%83O.pdf\" target=\"_blank\">Tecnologia e Produ\u00e7\u00e3o<\/a><\/p>\n<p><a href=\"https:\/\/wp.ufpel.edu.br\/prec\/files\/2016\/09\/TRABALHO.pdf\" target=\"_blank\">Trabalho<\/a><\/p>\n","protected":false},"excerpt":{"rendered":"<p>A Pr\u00f3-Reitoria de Extens\u00e3o e Cultura torna p\u00fablica a rela\u00e7\u00e3o\u00a0dos hor\u00e1rios e salas de apresenta\u00e7\u00f5es para o III Congresso de Extens\u00e3o e Cultura (CEC), organizados por linha tem\u00e1tica. O credenciamento dos participantes (apresentadores e ouvintes) da SIEPE come\u00e7ar\u00e1 a partir das 13 horas, de\u00a0segunda-feira, 26\/09\/2016, no t\u00e9rreo do Anglo. Considerando a proximidade do evento e &hellip; <a href=\"https:\/\/wp.ufpel.edu.br\/congressoextensao\/2016\/09\/16\/divulgado-o-cronograma-de-apresentacoes-do-iii-congresso-de-extensao-e-cultura\/\" class=\"more-link\">Continue lendo <span class=\"screen-reader-text\">Divulgado o cronograma de apresenta\u00e7\u00f5es do III Congresso de Extens\u00e3o e Cultura<\/span> <span class=\"meta-nav\">&rarr;<\/span><\/a><\/p>\n","protected":false},"author":411,"featured_media":0,"comment_status":"closed","ping_status":"closed","sticky":false,"template":"","format":"standard","meta":{"jetpack_post_was_ever_published":false,"_jetpack_newsletter_access":"","_jetpack_dont_email_post_to_subs":false,"_jetpack_newsletter_tier_id":0,"_jetpack_memberships_contains_paywalled_content":false,"_jetpack_memberships_contains_paid_content":false,"footnotes":"","jetpack_publicize_message":"","jetpack_publicize_feature_enabled":true,"jetpack_social_post_already_shared":true,"jetpack_social_options":{"image_generator_settings":{"template":"highway","default_image_id":0,"font":"","enabled":false},"version":2},"_links_to":"","_links_to_target":""},"categories":[17037,18],"tags":[],"class_list":["post-425","post","type-post","status-publish","format-standard","hentry","category-17037","category-noticias"],"jetpack_publicize_connections":[],"jetpack_featured_media_url":"","jetpack_sharing_enabled":true,"_links":{"self":[{"href":"https:\/\/wp.ufpel.edu.br\/congressoextensao\/wp-json\/wp\/v2\/posts\/425","targetHints":{"allow":["GET"]}}],"collection":[{"href":"https:\/\/wp.ufpel.edu.br\/congressoextensao\/wp-json\/wp\/v2\/posts"}],"about":[{"href":"https:\/\/wp.ufpel.edu.br\/congressoextensao\/wp-json\/wp\/v2\/types\/post"}],"author":[{"embeddable":true,"href":"https:\/\/wp.ufpel.edu.br\/congressoextensao\/wp-json\/wp\/v2\/users\/411"}],"replies":[{"embeddable":true,"href":"https:\/\/wp.ufpel.edu.br\/congressoextensao\/wp-json\/wp\/v2\/comments?post=425"}],"version-history":[{"count":1,"href":"https:\/\/wp.ufpel.edu.br\/congressoextensao\/wp-json\/wp\/v2\/posts\/425\/revisions"}],"predecessor-version":[{"id":427,"href":"https:\/\/wp.ufpel.edu.br\/congressoextensao\/wp-json\/wp\/v2\/posts\/425\/revisions\/427"}],"wp:attachment":[{"href":"https:\/\/wp.ufpel.edu.br\/congressoextensao\/wp-json\/wp\/v2\/media?parent=425"}],"wp:term":[{"taxonomy":"category","embeddable":true,"href":"https:\/\/wp.ufpel.edu.br\/congressoextensao\/wp-json\/wp\/v2\/categories?post=425"},{"taxonomy":"post_tag","embeddable":true,"href":"https:\/\/wp.ufpel.edu.br\/congressoextensao\/wp-json\/wp\/v2\/tags?post=425"}],"curies":[{"name":"wp","href":"https:\/\/api.w.org\/{rel}","templated":true}]}}