{"id":415,"date":"2016-08-10T19:08:50","date_gmt":"2016-08-10T22:08:50","guid":{"rendered":"https:\/\/wp.ufpel.edu.br\/congressoextensao\/?p=415"},"modified":"2017-06-26T08:56:50","modified_gmt":"2017-06-26T11:56:50","slug":"prorrogadas-as-inscricoes-para-2o-semana-integrada-de-ensino-pesquisa-e-extensao","status":"publish","type":"post","link":"https:\/\/wp.ufpel.edu.br\/congressoextensao\/2016\/08\/10\/prorrogadas-as-inscricoes-para-2o-semana-integrada-de-ensino-pesquisa-e-extensao\/","title":{"rendered":"Prorrogadas as inscri\u00e7\u00f5es para 2\u00ba Semana Integrada de Ensino, Pesquisa e Extens\u00e3o"},"content":{"rendered":"<p>Informamos que as inscri\u00e7\u00f5es e as isen\u00e7\u00f5es para a 2\u00ba Semana Integrada de Ensino, Pesquisa e Extens\u00e3o (SIEPE) foram prorrogadas at\u00e9 a pr\u00f3xima segunda-feira (15).<\/p>\n<p>O evento, que ser\u00e1 realizado durante os dias 26 a 30 de setembro, cujo o tema ser\u00e1 \u201cConhecimento, Sociedade e Diversidade\u201d, ir\u00e1 congregar o 25\u00ba Congresso de Inicia\u00e7\u00e3o Cient\u00edfica (CIC), o 18\u00ba Encontro de P\u00f3s-Gradua\u00e7\u00e3o (Enpos), 0 3\u00ba Congresso de Extens\u00e3o e Cultura (CEC) e o 2\u00ba Congresso de Ensino de Gradua\u00e7\u00e3o (CEG).<\/p>\n<p>Inscreva-se e saiba mais <a href=\"http:\/\/www.ufpel.edu.br\/siepe\/\">aqui<\/a>.<\/p>\n","protected":false},"excerpt":{"rendered":"<p>Informamos que as inscri\u00e7\u00f5es e as isen\u00e7\u00f5es para a 2\u00ba Semana Integrada de Ensino, Pesquisa e Extens\u00e3o (SIEPE) foram prorrogadas at\u00e9 a pr\u00f3xima segunda-feira (15). O evento, que ser\u00e1 realizado durante os dias 26 a 30 de setembro, cujo o tema ser\u00e1 \u201cConhecimento, Sociedade e Diversidade\u201d, ir\u00e1 congregar o 25\u00ba Congresso de Inicia\u00e7\u00e3o Cient\u00edfica (CIC), &hellip; <a href=\"https:\/\/wp.ufpel.edu.br\/congressoextensao\/2016\/08\/10\/prorrogadas-as-inscricoes-para-2o-semana-integrada-de-ensino-pesquisa-e-extensao\/\" class=\"more-link\">Continue lendo <span class=\"screen-reader-text\">Prorrogadas as inscri\u00e7\u00f5es para 2\u00ba Semana Integrada de Ensino, Pesquisa e Extens\u00e3o<\/span> <span class=\"meta-nav\">&rarr;<\/span><\/a><\/p>\n","protected":false},"author":411,"featured_media":0,"comment_status":"closed","ping_status":"closed","sticky":false,"template":"","format":"standard","meta":{"jetpack_post_was_ever_published":false,"_jetpack_newsletter_access":"","_jetpack_dont_email_post_to_subs":false,"_jetpack_newsletter_tier_id":0,"_jetpack_memberships_contains_paywalled_content":false,"_jetpack_memberships_contains_paid_content":false,"footnotes":"","jetpack_publicize_message":"","jetpack_publicize_feature_enabled":true,"jetpack_social_post_already_shared":true,"jetpack_social_options":{"image_generator_settings":{"template":"highway","default_image_id":0,"font":"","enabled":false},"version":2},"_links_to":"","_links_to_target":""},"categories":[17037,18],"tags":[],"class_list":["post-415","post","type-post","status-publish","format-standard","hentry","category-17037","category-noticias"],"jetpack_publicize_connections":[],"jetpack_featured_media_url":"","jetpack_sharing_enabled":true,"_links":{"self":[{"href":"https:\/\/wp.ufpel.edu.br\/congressoextensao\/wp-json\/wp\/v2\/posts\/415","targetHints":{"allow":["GET"]}}],"collection":[{"href":"https:\/\/wp.ufpel.edu.br\/congressoextensao\/wp-json\/wp\/v2\/posts"}],"about":[{"href":"https:\/\/wp.ufpel.edu.br\/congressoextensao\/wp-json\/wp\/v2\/types\/post"}],"author":[{"embeddable":true,"href":"https:\/\/wp.ufpel.edu.br\/congressoextensao\/wp-json\/wp\/v2\/users\/411"}],"replies":[{"embeddable":true,"href":"https:\/\/wp.ufpel.edu.br\/congressoextensao\/wp-json\/wp\/v2\/comments?post=415"}],"version-history":[{"count":1,"href":"https:\/\/wp.ufpel.edu.br\/congressoextensao\/wp-json\/wp\/v2\/posts\/415\/revisions"}],"predecessor-version":[{"id":417,"href":"https:\/\/wp.ufpel.edu.br\/congressoextensao\/wp-json\/wp\/v2\/posts\/415\/revisions\/417"}],"wp:attachment":[{"href":"https:\/\/wp.ufpel.edu.br\/congressoextensao\/wp-json\/wp\/v2\/media?parent=415"}],"wp:term":[{"taxonomy":"category","embeddable":true,"href":"https:\/\/wp.ufpel.edu.br\/congressoextensao\/wp-json\/wp\/v2\/categories?post=415"},{"taxonomy":"post_tag","embeddable":true,"href":"https:\/\/wp.ufpel.edu.br\/congressoextensao\/wp-json\/wp\/v2\/tags?post=415"}],"curies":[{"name":"wp","href":"https:\/\/api.w.org\/{rel}","templated":true}]}}