{"id":401,"date":"2016-07-15T11:00:52","date_gmt":"2016-07-15T14:00:52","guid":{"rendered":"https:\/\/wp.ufpel.edu.br\/congressoextensao\/?p=401"},"modified":"2017-06-26T08:56:51","modified_gmt":"2017-06-26T11:56:51","slug":"abertas-as-inscricoes-para-avaliadores-do-iii-cec","status":"publish","type":"post","link":"https:\/\/wp.ufpel.edu.br\/congressoextensao\/2016\/07\/15\/abertas-as-inscricoes-para-avaliadores-do-iii-cec\/","title":{"rendered":"Abertas as inscri\u00e7\u00f5es para avaliadores do III CEC"},"content":{"rendered":"<p style=\"text-align: justify\">\nAs inscri\u00e7\u00f5es para avaliadores do III Congresso de Extens\u00e3o e Cultura (CEC) est\u00e3o abertas. At\u00e9 10 de agosto, professores, t\u00e9cnicos administrativos e alunos de mestrado, doutorado ou p\u00f3s-doutorado poder\u00e3o se inscrever para avaliar os trabalhos do III CEC.<\/p>\n<p style=\"text-align: justify\">As inscri\u00e7\u00f5es dever\u00e3o ser efetuadas exclusivamente atrav\u00e9s do formul\u00e1rio online, dispon\u00edvel neste <strong><a href=\"http:\/\/goo.gl\/forms\/OfrrnAMyAk6XdxE63\">LINK<\/a>.<\/strong><\/p>\n","protected":false},"excerpt":{"rendered":"<p>As inscri\u00e7\u00f5es para avaliadores do III Congresso de Extens\u00e3o e Cultura (CEC) est\u00e3o abertas. At\u00e9 10 de agosto, professores, t\u00e9cnicos administrativos e alunos de mestrado, doutorado ou p\u00f3s-doutorado poder\u00e3o se inscrever para avaliar os trabalhos do III CEC. As inscri\u00e7\u00f5es dever\u00e3o ser efetuadas exclusivamente atrav\u00e9s do formul\u00e1rio online, dispon\u00edvel neste LINK.<\/p>\n","protected":false},"author":411,"featured_media":0,"comment_status":"closed","ping_status":"closed","sticky":false,"template":"","format":"standard","meta":{"jetpack_post_was_ever_published":false,"_jetpack_newsletter_access":"","_jetpack_dont_email_post_to_subs":false,"_jetpack_newsletter_tier_id":0,"_jetpack_memberships_contains_paywalled_content":false,"_jetpack_memberships_contains_paid_content":false,"footnotes":"","jetpack_publicize_message":"","jetpack_publicize_feature_enabled":true,"jetpack_social_post_already_shared":true,"jetpack_social_options":{"image_generator_settings":{"template":"highway","default_image_id":0,"font":"","enabled":false},"version":2},"_links_to":"","_links_to_target":""},"categories":[17037,18],"tags":[],"class_list":["post-401","post","type-post","status-publish","format-standard","hentry","category-17037","category-noticias"],"jetpack_publicize_connections":[],"jetpack_featured_media_url":"","jetpack_sharing_enabled":true,"_links":{"self":[{"href":"https:\/\/wp.ufpel.edu.br\/congressoextensao\/wp-json\/wp\/v2\/posts\/401","targetHints":{"allow":["GET"]}}],"collection":[{"href":"https:\/\/wp.ufpel.edu.br\/congressoextensao\/wp-json\/wp\/v2\/posts"}],"about":[{"href":"https:\/\/wp.ufpel.edu.br\/congressoextensao\/wp-json\/wp\/v2\/types\/post"}],"author":[{"embeddable":true,"href":"https:\/\/wp.ufpel.edu.br\/congressoextensao\/wp-json\/wp\/v2\/users\/411"}],"replies":[{"embeddable":true,"href":"https:\/\/wp.ufpel.edu.br\/congressoextensao\/wp-json\/wp\/v2\/comments?post=401"}],"version-history":[{"count":2,"href":"https:\/\/wp.ufpel.edu.br\/congressoextensao\/wp-json\/wp\/v2\/posts\/401\/revisions"}],"predecessor-version":[{"id":404,"href":"https:\/\/wp.ufpel.edu.br\/congressoextensao\/wp-json\/wp\/v2\/posts\/401\/revisions\/404"}],"wp:attachment":[{"href":"https:\/\/wp.ufpel.edu.br\/congressoextensao\/wp-json\/wp\/v2\/media?parent=401"}],"wp:term":[{"taxonomy":"category","embeddable":true,"href":"https:\/\/wp.ufpel.edu.br\/congressoextensao\/wp-json\/wp\/v2\/categories?post=401"},{"taxonomy":"post_tag","embeddable":true,"href":"https:\/\/wp.ufpel.edu.br\/congressoextensao\/wp-json\/wp\/v2\/tags?post=401"}],"curies":[{"name":"wp","href":"https:\/\/api.w.org\/{rel}","templated":true}]}}