{"id":397,"date":"2016-07-12T17:57:54","date_gmt":"2016-07-12T20:57:54","guid":{"rendered":"https:\/\/wp.ufpel.edu.br\/congressoextensao\/?p=397"},"modified":"2017-06-26T08:56:52","modified_gmt":"2017-06-26T11:56:52","slug":"sobre-as-isencoes-para-a-semana-integrada-2016","status":"publish","type":"post","link":"https:\/\/wp.ufpel.edu.br\/congressoextensao\/2016\/07\/12\/sobre-as-isencoes-para-a-semana-integrada-2016\/","title":{"rendered":"Sobre as isen\u00e7\u00f5es para a Semana Integrada 2016"},"content":{"rendered":"<p style=\"text-align: justify\">Conforme o regulamento da Semana Integrada (SIEPE) 2016, alunos da UFPel inscritos na <b>modalidade apresentador de trabalhos<\/b> que recebam um ou mais benef\u00edcios da PRAE, incluindo a bolsa perman\u00eancia, ter\u00e3o isen\u00e7\u00e3o da taxa de inscri\u00e7\u00e3o nos eventos da SIEPE.<\/p>\n<p style=\"text-align: justify\">Para obter a isen\u00e7\u00e3o o aluno deve realizar a sua inscri\u00e7\u00e3o normalmente, imprimir o boleto e entreg\u00e1-lo diretamente no Campus Anglo, junto a Pr\u00f3-Reitoria respons\u00e1vel pelo evento que gerou a inscri\u00e7\u00e3o principal, conforme rela\u00e7\u00e3o abaixo:<\/p>\n<p style=\"text-align: justify\"><strong>CEC<\/strong> \u2013 Pr\u00f3-Reitoria de Extens\u00e3o e Cultura (sala 204 )<\/p>\n<p style=\"text-align: justify\"><strong>CEG<\/strong> \u2013 Pr\u00f3-Reitoria de Gradua\u00e7\u00e3o (sala 111)<\/p>\n<p style=\"text-align: justify\"><strong>CIC e ENPOS<\/strong> \u2013 Pr\u00f3-Reitoria de Pesquisa e P\u00f3s-Gradua\u00e7\u00e3o (sala 409)<\/p>\n<p style=\"text-align: justify\">\n<p style=\"text-align: justify\">A data limite para entrega do boleto de pagamento junto \u00e0 Pr\u00f3-Reitoria competente \u00e9 de\u00a0<b>at\u00e9 01\/08\/16<\/b>.<\/p>\n","protected":false},"excerpt":{"rendered":"<p>Conforme o regulamento da Semana Integrada (SIEPE) 2016, alunos da UFPel inscritos na modalidade apresentador de trabalhos que recebam um ou mais benef\u00edcios da PRAE, incluindo a bolsa perman\u00eancia, ter\u00e3o isen\u00e7\u00e3o da taxa de inscri\u00e7\u00e3o nos eventos da SIEPE. Para obter a isen\u00e7\u00e3o o aluno deve realizar a sua inscri\u00e7\u00e3o normalmente, imprimir o boleto e &hellip; <a href=\"https:\/\/wp.ufpel.edu.br\/congressoextensao\/2016\/07\/12\/sobre-as-isencoes-para-a-semana-integrada-2016\/\" class=\"more-link\">Continue lendo <span class=\"screen-reader-text\">Sobre as isen\u00e7\u00f5es para a Semana Integrada 2016<\/span> <span class=\"meta-nav\">&rarr;<\/span><\/a><\/p>\n","protected":false},"author":411,"featured_media":0,"comment_status":"closed","ping_status":"closed","sticky":false,"template":"","format":"standard","meta":{"jetpack_post_was_ever_published":false,"_jetpack_newsletter_access":"","_jetpack_dont_email_post_to_subs":false,"_jetpack_newsletter_tier_id":0,"_jetpack_memberships_contains_paywalled_content":false,"_jetpack_memberships_contains_paid_content":false,"footnotes":"","jetpack_publicize_message":"","jetpack_publicize_feature_enabled":true,"jetpack_social_post_already_shared":true,"jetpack_social_options":{"image_generator_settings":{"template":"highway","default_image_id":0,"font":"","enabled":false},"version":2},"_links_to":"","_links_to_target":""},"categories":[17037,18],"tags":[],"class_list":["post-397","post","type-post","status-publish","format-standard","hentry","category-17037","category-noticias"],"jetpack_publicize_connections":[],"jetpack_featured_media_url":"","jetpack_sharing_enabled":true,"_links":{"self":[{"href":"https:\/\/wp.ufpel.edu.br\/congressoextensao\/wp-json\/wp\/v2\/posts\/397","targetHints":{"allow":["GET"]}}],"collection":[{"href":"https:\/\/wp.ufpel.edu.br\/congressoextensao\/wp-json\/wp\/v2\/posts"}],"about":[{"href":"https:\/\/wp.ufpel.edu.br\/congressoextensao\/wp-json\/wp\/v2\/types\/post"}],"author":[{"embeddable":true,"href":"https:\/\/wp.ufpel.edu.br\/congressoextensao\/wp-json\/wp\/v2\/users\/411"}],"replies":[{"embeddable":true,"href":"https:\/\/wp.ufpel.edu.br\/congressoextensao\/wp-json\/wp\/v2\/comments?post=397"}],"version-history":[{"count":2,"href":"https:\/\/wp.ufpel.edu.br\/congressoextensao\/wp-json\/wp\/v2\/posts\/397\/revisions"}],"predecessor-version":[{"id":400,"href":"https:\/\/wp.ufpel.edu.br\/congressoextensao\/wp-json\/wp\/v2\/posts\/397\/revisions\/400"}],"wp:attachment":[{"href":"https:\/\/wp.ufpel.edu.br\/congressoextensao\/wp-json\/wp\/v2\/media?parent=397"}],"wp:term":[{"taxonomy":"category","embeddable":true,"href":"https:\/\/wp.ufpel.edu.br\/congressoextensao\/wp-json\/wp\/v2\/categories?post=397"},{"taxonomy":"post_tag","embeddable":true,"href":"https:\/\/wp.ufpel.edu.br\/congressoextensao\/wp-json\/wp\/v2\/tags?post=397"}],"curies":[{"name":"wp","href":"https:\/\/api.w.org\/{rel}","templated":true}]}}