{"id":350,"date":"2015-11-04T14:09:50","date_gmt":"2015-11-04T16:09:50","guid":{"rendered":"https:\/\/wp.ufpel.edu.br\/congressoextensao\/?p=350"},"modified":"2016-06-20T11:48:16","modified_gmt":"2016-06-20T14:48:16","slug":"disponiveis-os-anais-do-ii-congresso-de-extensao-e-cultura","status":"publish","type":"post","link":"https:\/\/wp.ufpel.edu.br\/congressoextensao\/2015\/11\/04\/disponiveis-os-anais-do-ii-congresso-de-extensao-e-cultura\/","title":{"rendered":"Dispon\u00edveis os Anais do II Congresso de Extens\u00e3o e Cultura"},"content":{"rendered":"<p style=\"text-align: justify\">A Comiss\u00e3o Organizadora do CEC agradece a participa\u00e7\u00e3o da comunidade extensionista e informa que a vers\u00e3o final dos Anais do II Congresso de Extens\u00e3o e Cultura est\u00e3o dispon\u00edveis no site do evento.<\/p>\n<p style=\"text-align: justify\">Os anais foram divididos em volumes, cada um correspondendo a uma \u00e1rea tem\u00e1tica da extens\u00e3o. Este sistema facilita a busca do texto pelos autores, bem como a impress\u00e3o, se desejada.<\/p>\n<p style=\"text-align: justify\"><strong><a href=\"https:\/\/wp.ufpel.edu.br\/congressoextensao\/2015-2\/\" target=\"_blank\">https:\/\/wp.ufpel.edu.br\/congressoextensao\/<\/a><\/strong><\/p>\n","protected":false},"excerpt":{"rendered":"<p>A Comiss\u00e3o Organizadora do CEC agradece a participa\u00e7\u00e3o da comunidade extensionista e informa que a vers\u00e3o final dos Anais do II Congresso de Extens\u00e3o e Cultura est\u00e3o dispon\u00edveis no site do evento. Os anais foram divididos em volumes, cada um correspondendo a uma \u00e1rea tem\u00e1tica da extens\u00e3o. Este sistema facilita a busca do texto pelos &hellip; <a href=\"https:\/\/wp.ufpel.edu.br\/congressoextensao\/2015\/11\/04\/disponiveis-os-anais-do-ii-congresso-de-extensao-e-cultura\/\" class=\"more-link\">Continue lendo <span class=\"screen-reader-text\">Dispon\u00edveis os Anais do II Congresso de Extens\u00e3o e Cultura<\/span> <span class=\"meta-nav\">&rarr;<\/span><\/a><\/p>\n","protected":false},"author":411,"featured_media":0,"comment_status":"closed","ping_status":"closed","sticky":false,"template":"","format":"standard","meta":{"jetpack_post_was_ever_published":false,"_jetpack_newsletter_access":"","_jetpack_dont_email_post_to_subs":false,"_jetpack_newsletter_tier_id":0,"_jetpack_memberships_contains_paywalled_content":false,"_jetpack_memberships_contains_paid_content":false,"footnotes":"","jetpack_publicize_message":"","jetpack_publicize_feature_enabled":true,"jetpack_social_post_already_shared":true,"jetpack_social_options":{"image_generator_settings":{"template":"highway","default_image_id":0,"font":"","enabled":false},"version":2},"_links_to":"","_links_to_target":""},"categories":[17036,18],"tags":[],"class_list":["post-350","post","type-post","status-publish","format-standard","hentry","category-17036","category-noticias"],"jetpack_publicize_connections":[],"jetpack_featured_media_url":"","jetpack_sharing_enabled":true,"_links":{"self":[{"href":"https:\/\/wp.ufpel.edu.br\/congressoextensao\/wp-json\/wp\/v2\/posts\/350","targetHints":{"allow":["GET"]}}],"collection":[{"href":"https:\/\/wp.ufpel.edu.br\/congressoextensao\/wp-json\/wp\/v2\/posts"}],"about":[{"href":"https:\/\/wp.ufpel.edu.br\/congressoextensao\/wp-json\/wp\/v2\/types\/post"}],"author":[{"embeddable":true,"href":"https:\/\/wp.ufpel.edu.br\/congressoextensao\/wp-json\/wp\/v2\/users\/411"}],"replies":[{"embeddable":true,"href":"https:\/\/wp.ufpel.edu.br\/congressoextensao\/wp-json\/wp\/v2\/comments?post=350"}],"version-history":[{"count":1,"href":"https:\/\/wp.ufpel.edu.br\/congressoextensao\/wp-json\/wp\/v2\/posts\/350\/revisions"}],"predecessor-version":[{"id":351,"href":"https:\/\/wp.ufpel.edu.br\/congressoextensao\/wp-json\/wp\/v2\/posts\/350\/revisions\/351"}],"wp:attachment":[{"href":"https:\/\/wp.ufpel.edu.br\/congressoextensao\/wp-json\/wp\/v2\/media?parent=350"}],"wp:term":[{"taxonomy":"category","embeddable":true,"href":"https:\/\/wp.ufpel.edu.br\/congressoextensao\/wp-json\/wp\/v2\/categories?post=350"},{"taxonomy":"post_tag","embeddable":true,"href":"https:\/\/wp.ufpel.edu.br\/congressoextensao\/wp-json\/wp\/v2\/tags?post=350"}],"curies":[{"name":"wp","href":"https:\/\/api.w.org\/{rel}","templated":true}]}}