{"id":998,"date":"2011-09-16T11:05:34","date_gmt":"2011-09-16T14:05:34","guid":{"rendered":"http:\/\/inf.ufpel.edu.br\/site\/?p=998"},"modified":"2011-09-16T11:05:34","modified_gmt":"2011-09-16T14:05:34","slug":"seminarios-da-computacao-circuitos-nao-sincronos-e-aplicacoes-em-criptografia","status":"publish","type":"post","link":"https:\/\/wp.ufpel.edu.br\/computacao\/noticia\/seminarios-da-computacao-circuitos-nao-sincronos-e-aplicacoes-em-criptografia\/","title":{"rendered":"Semin\u00e1rios da Computa\u00e7\u00e3o: Circuitos N\u00e3o-s\u00edncronos e Aplica\u00e7\u00f5es em Criptografia"},"content":{"rendered":"<p>Dando continuidade ao ciclo de Semin\u00e1rios da Computa\u00e7\u00e3o, promovido pelo <a href=\"http:\/\/ppgc.ufpel.edu.br\">PPGC-UFPel<\/a>, ocorre na pr\u00f3xima quinta-feira, dia 22\/09, a palestra &#8220;<strong>Circuitos n\u00e3o-s\u00edncronos: aplica\u00e7\u00e3o em criptografia<\/strong>&#8220;, proferida pelo prof. Rafael Soares (Computa\u00e7\u00e3o-UFPel). A palestra abordar\u00e1 assuntos relativos a\u00a0circuitos n\u00e3o-s\u00edncronos, alternativa ao tradicional paradigma s\u00edncrono de projeto de circuitos digitais; motiva\u00e7\u00f5es e desafios na concep\u00e7\u00e3o de circuitos digitais segundo estes paradigmas; \u00a0discuss\u00e3o sobre a vulnerabilidade de dados sigilosos processados em sistemas digitais que empregam criptografia tais como<em> smartcards<\/em> e propostas de solu\u00e7\u00f5es envolvendo circuitos n\u00e3o-s\u00edncronos.<\/p>\n<p>O objetivo do Ciclo de Semin\u00e1rios da Computa\u00e7\u00e3o UFPel \u00e9 permitir a divulga\u00e7\u00e3o de trabalhos de pesquisa feitos por professores e alunos\u00a0da Computa\u00e7\u00e3o, al\u00e9m de possibilitar a vinda de pesquisadores convidados de outras institui\u00e7\u00f5es.\u00a0Os semin\u00e1rio ocorrem a cada duas semanas, nas quintas-feiras das 17h as 18h no mini-audit\u00f3rio do 4o andar do Campus Porto.<\/p>\n","protected":false},"excerpt":{"rendered":"<p>Dando continuidade ao ciclo de Semin\u00e1rios da Computa\u00e7\u00e3o, promovido pelo PPGC-UFPel, ocorre na pr\u00f3xima quinta-feira, dia 22\/09, a palestra &#8220;Circuitos n\u00e3o-s\u00edncronos: aplica\u00e7\u00e3o em criptografia&#8220;, proferida pelo prof. Rafael Soares (Computa\u00e7\u00e3o-UFPel). A palestra abordar\u00e1 assuntos&#46;&#46;&#46;<\/p>\n","protected":false},"author":881,"featured_media":0,"comment_status":"open","ping_status":"open","sticky":false,"template":"","format":"standard","meta":{"jetpack_post_was_ever_published":false,"_jetpack_newsletter_access":"","_jetpack_dont_email_post_to_subs":false,"_jetpack_newsletter_tier_id":0,"_jetpack_memberships_contains_paywalled_content":false,"_jetpack_memberships_contains_paid_content":false,"footnotes":"","jetpack_publicize_message":"","jetpack_publicize_feature_enabled":true,"jetpack_social_post_already_shared":true,"jetpack_social_options":{"image_generator_settings":{"template":"highway","default_image_id":0,"font":"","enabled":false},"version":2}},"categories":[17,18],"tags":[],"class_list":["post-998","post","type-post","status-publish","format-standard","hentry","category-noticia","category-todos"],"jetpack_publicize_connections":[],"jetpack_featured_media_url":"","jetpack_sharing_enabled":true,"jetpack_shortlink":"https:\/\/wp.me\/paGhNl-g6","_links":{"self":[{"href":"https:\/\/wp.ufpel.edu.br\/computacao\/wp-json\/wp\/v2\/posts\/998","targetHints":{"allow":["GET"]}}],"collection":[{"href":"https:\/\/wp.ufpel.edu.br\/computacao\/wp-json\/wp\/v2\/posts"}],"about":[{"href":"https:\/\/wp.ufpel.edu.br\/computacao\/wp-json\/wp\/v2\/types\/post"}],"author":[{"embeddable":true,"href":"https:\/\/wp.ufpel.edu.br\/computacao\/wp-json\/wp\/v2\/users\/881"}],"replies":[{"embeddable":true,"href":"https:\/\/wp.ufpel.edu.br\/computacao\/wp-json\/wp\/v2\/comments?post=998"}],"version-history":[{"count":0,"href":"https:\/\/wp.ufpel.edu.br\/computacao\/wp-json\/wp\/v2\/posts\/998\/revisions"}],"wp:attachment":[{"href":"https:\/\/wp.ufpel.edu.br\/computacao\/wp-json\/wp\/v2\/media?parent=998"}],"wp:term":[{"taxonomy":"category","embeddable":true,"href":"https:\/\/wp.ufpel.edu.br\/computacao\/wp-json\/wp\/v2\/categories?post=998"},{"taxonomy":"post_tag","embeddable":true,"href":"https:\/\/wp.ufpel.edu.br\/computacao\/wp-json\/wp\/v2\/tags?post=998"}],"curies":[{"name":"wp","href":"https:\/\/api.w.org\/{rel}","templated":true}]}}