{"id":2582,"date":"2013-08-06T16:49:37","date_gmt":"2013-08-06T18:49:37","guid":{"rendered":"http:\/\/inf.ufpel.edu.br\/site\/?p=2582"},"modified":"2013-08-06T16:49:37","modified_gmt":"2013-08-06T18:49:37","slug":"abertas-as-inscricoes-para-o-poscomp-2013","status":"publish","type":"post","link":"https:\/\/wp.ufpel.edu.br\/computacao\/noticia\/abertas-as-inscricoes-para-o-poscomp-2013\/","title":{"rendered":"Abertas as inscri\u00e7\u00f5es para o POSCOMP 2013"},"content":{"rendered":"<p>Abertas as inscri\u00e7\u00f5es para o <a title=\"POSCOMP\" href=\"http:\/\/www.sbc.org.br\/index.php?option=com_content&amp;view=article&amp;id=1238:pocomp2013&amp;catid=237:poscomp&amp;Itemid=182\" target=\"_blank\" rel=\"noopener noreferrer\">POSCOMP<\/a> 2013. O\u00a0<strong>prazo de inscri\u00e7\u00f5es termina no dia <del>20<\/del> 25 de agosto de 2013<\/strong>. O Exame tamb\u00e9m ser\u00e1 realizado em Pelotas e\u00a0ser\u00e1 aplicado no dia 29 de setembro de 2013, \u00e0s 15h (hor\u00e1rio de Bras\u00edlia).<\/p>\n<p>O <a title=\"PPGC\" href=\"http:\/\/inf.ufpel.edu.br\/ppgc\/\">PPGC<\/a> da <a title=\"UFPel\" href=\"http:\/\/www.ufpel.edu.br\" target=\"_blank\" rel=\"noopener noreferrer\">UFPel<\/a> considera a nota do <a title=\"POSCOMP\" href=\"http:\/\/www.sbc.org.br\/index.php?option=com_content&amp;view=article&amp;id=1238:pocomp2013&amp;catid=237:poscomp&amp;Itemid=182\" target=\"_blank\" rel=\"noopener noreferrer\">POSCOMP<\/a> como um dos crit\u00e9rios de sele\u00e7\u00e3o\u00a0para ingresso no Mestrado em Computa\u00e7\u00e3o. Desta forma, \u00e9 importante que futuros candidatos a ingresso no PPGC realizem o POSCOMP.<\/p>\n<p>Para maiores informa\u00e7\u00f5es <a title=\"POSCOMP\" href=\"http:\/\/www.sbc.org.br\/index.php?option=com_content&amp;view=article&amp;id=1238:pocomp2013&amp;catid=237:poscomp&amp;Itemid=182\" target=\"_blank\" rel=\"noopener noreferrer\">clique aqui<\/a>.<\/p>\n<p><strong>Atualiza\u00e7\u00e3o 21\/08<\/strong>: as inscri\u00e7\u00f5es foram prorrogadas at\u00e9 o dia 25 de Agosto.<\/p>\n","protected":false},"excerpt":{"rendered":"<p>Abertas as inscri\u00e7\u00f5es para o POSCOMP 2013. O\u00a0prazo de inscri\u00e7\u00f5es termina no dia 20 25 de agosto de 2013. O Exame tamb\u00e9m ser\u00e1 realizado em Pelotas e\u00a0ser\u00e1 aplicado no dia 29 de setembro de&#46;&#46;&#46;<\/p>\n","protected":false},"author":881,"featured_media":0,"comment_status":"open","ping_status":"open","sticky":false,"template":"","format":"standard","meta":{"jetpack_post_was_ever_published":false,"_jetpack_newsletter_access":"","_jetpack_dont_email_post_to_subs":false,"_jetpack_newsletter_tier_id":0,"_jetpack_memberships_contains_paywalled_content":false,"_jetpack_memberships_contains_paid_content":false,"footnotes":"","jetpack_publicize_message":"","jetpack_publicize_feature_enabled":true,"jetpack_social_post_already_shared":true,"jetpack_social_options":{"image_generator_settings":{"template":"highway","default_image_id":0,"font":"","enabled":false},"version":2}},"categories":[17,18],"tags":[],"class_list":["post-2582","post","type-post","status-publish","format-standard","hentry","category-noticia","category-todos"],"jetpack_publicize_connections":[],"jetpack_featured_media_url":"","jetpack_sharing_enabled":true,"jetpack_shortlink":"https:\/\/wp.me\/paGhNl-FE","_links":{"self":[{"href":"https:\/\/wp.ufpel.edu.br\/computacao\/wp-json\/wp\/v2\/posts\/2582","targetHints":{"allow":["GET"]}}],"collection":[{"href":"https:\/\/wp.ufpel.edu.br\/computacao\/wp-json\/wp\/v2\/posts"}],"about":[{"href":"https:\/\/wp.ufpel.edu.br\/computacao\/wp-json\/wp\/v2\/types\/post"}],"author":[{"embeddable":true,"href":"https:\/\/wp.ufpel.edu.br\/computacao\/wp-json\/wp\/v2\/users\/881"}],"replies":[{"embeddable":true,"href":"https:\/\/wp.ufpel.edu.br\/computacao\/wp-json\/wp\/v2\/comments?post=2582"}],"version-history":[{"count":0,"href":"https:\/\/wp.ufpel.edu.br\/computacao\/wp-json\/wp\/v2\/posts\/2582\/revisions"}],"wp:attachment":[{"href":"https:\/\/wp.ufpel.edu.br\/computacao\/wp-json\/wp\/v2\/media?parent=2582"}],"wp:term":[{"taxonomy":"category","embeddable":true,"href":"https:\/\/wp.ufpel.edu.br\/computacao\/wp-json\/wp\/v2\/categories?post=2582"},{"taxonomy":"post_tag","embeddable":true,"href":"https:\/\/wp.ufpel.edu.br\/computacao\/wp-json\/wp\/v2\/tags?post=2582"}],"curies":[{"name":"wp","href":"https:\/\/api.w.org\/{rel}","templated":true}]}}