{"id":2562,"date":"2013-07-31T17:39:41","date_gmt":"2013-07-31T19:39:41","guid":{"rendered":"http:\/\/inf.ufpel.edu.br\/site\/?p=2562"},"modified":"2013-07-31T17:39:41","modified_gmt":"2013-07-31T19:39:41","slug":"profissionais-em-computacao-palestram-em-disciplina-da-computacao","status":"publish","type":"post","link":"https:\/\/wp.ufpel.edu.br\/computacao\/noticia\/profissionais-em-computacao-palestram-em-disciplina-da-computacao\/","title":{"rendered":"Profissionais em desenvolvimento de software palestram em disciplina da Computa\u00e7\u00e3o"},"content":{"rendered":"<p>A Computa\u00e7\u00e3o M\u00f3vel e o desenvolvimento de software para smartphones e tablets foi o tema da palestra ministrada por Rafael Le\u00e3o e Gustavo Gra\u00f1a na disciplina de Programa\u00e7\u00e3o Orientada a Objetos dos cursos de gradua\u00e7\u00e3o em Ci\u00eancia da Computa\u00e7\u00e3o e Engenharia da Computa\u00e7\u00e3o da UFPel neste 31 de julho. Segundo os palestrantes, o mercado para a Computa\u00e7\u00e3o M\u00f3vel est\u00e1 em franco crescimento, sendo que os profissionais envolvidos devem estar em cont\u00ednuo aperfei\u00e7oamento de forma a absorver as habilidades necess\u00e1rias para trabalhar com as diferentes tecnologias dispon\u00edveis. Hoje o mercado possui a lideran\u00e7a de sistemas baseados na tecnologia Android, seguido das tecnologias iOS e Windows, mas existe a expectativa de que a plataforma Windows tenha um crescimento mais acentuado no futuro pr\u00f3ximo, afirmam os palestrantes.<\/p>\n<p>Gustavo e Rafael s\u00e3o egressos do curso de Ci\u00eancia da Computa\u00e7\u00e3o da UFPel e atualmente trabalham na Conrad Caine, uma empresa de desenvolvimento de software multinacional com sede em Pelotas. Rafael tamb\u00e9m concluiu na UFPel o Mestrado em Computa\u00e7\u00e3o na \u00e1rea de Processamento Paralelo e Distribu\u00eddo.<\/p>\n","protected":false},"excerpt":{"rendered":"<p>A Computa\u00e7\u00e3o M\u00f3vel e o desenvolvimento de software para smartphones e tablets foi o tema da palestra ministrada por Rafael Le\u00e3o e Gustavo Gra\u00f1a na disciplina de Programa\u00e7\u00e3o Orientada a Objetos dos cursos de&#46;&#46;&#46;<\/p>\n","protected":false},"author":881,"featured_media":0,"comment_status":"open","ping_status":"open","sticky":false,"template":"","format":"standard","meta":{"jetpack_post_was_ever_published":false,"_jetpack_newsletter_access":"","_jetpack_dont_email_post_to_subs":false,"_jetpack_newsletter_tier_id":0,"_jetpack_memberships_contains_paywalled_content":false,"_jetpack_memberships_contains_paid_content":false,"footnotes":"","jetpack_publicize_message":"","jetpack_publicize_feature_enabled":true,"jetpack_social_post_already_shared":true,"jetpack_social_options":{"image_generator_settings":{"template":"highway","default_image_id":0,"font":"","enabled":false},"version":2}},"categories":[17,18],"tags":[],"class_list":["post-2562","post","type-post","status-publish","format-standard","hentry","category-noticia","category-todos"],"jetpack_publicize_connections":[],"jetpack_featured_media_url":"","jetpack_sharing_enabled":true,"jetpack_shortlink":"https:\/\/wp.me\/paGhNl-Fk","_links":{"self":[{"href":"https:\/\/wp.ufpel.edu.br\/computacao\/wp-json\/wp\/v2\/posts\/2562","targetHints":{"allow":["GET"]}}],"collection":[{"href":"https:\/\/wp.ufpel.edu.br\/computacao\/wp-json\/wp\/v2\/posts"}],"about":[{"href":"https:\/\/wp.ufpel.edu.br\/computacao\/wp-json\/wp\/v2\/types\/post"}],"author":[{"embeddable":true,"href":"https:\/\/wp.ufpel.edu.br\/computacao\/wp-json\/wp\/v2\/users\/881"}],"replies":[{"embeddable":true,"href":"https:\/\/wp.ufpel.edu.br\/computacao\/wp-json\/wp\/v2\/comments?post=2562"}],"version-history":[{"count":0,"href":"https:\/\/wp.ufpel.edu.br\/computacao\/wp-json\/wp\/v2\/posts\/2562\/revisions"}],"wp:attachment":[{"href":"https:\/\/wp.ufpel.edu.br\/computacao\/wp-json\/wp\/v2\/media?parent=2562"}],"wp:term":[{"taxonomy":"category","embeddable":true,"href":"https:\/\/wp.ufpel.edu.br\/computacao\/wp-json\/wp\/v2\/categories?post=2562"},{"taxonomy":"post_tag","embeddable":true,"href":"https:\/\/wp.ufpel.edu.br\/computacao\/wp-json\/wp\/v2\/tags?post=2562"}],"curies":[{"name":"wp","href":"https:\/\/api.w.org\/{rel}","templated":true}]}}