{"id":1257,"date":"2011-11-25T19:45:20","date_gmt":"2011-11-25T22:45:20","guid":{"rendered":"http:\/\/inf.ufpel.edu.br\/site\/?p=1257"},"modified":"2011-11-25T19:45:20","modified_gmt":"2011-11-25T22:45:20","slug":"xvi-sacomp-e-spc-2011-computacao-em-destaque-na-ufpel","status":"publish","type":"post","link":"https:\/\/wp.ufpel.edu.br\/computacao\/noticia\/xvi-sacomp-e-spc-2011-computacao-em-destaque-na-ufpel\/","title":{"rendered":"XVI SACOMP e SPC 2011: Computa\u00e7\u00e3o em destaque na UFPEL"},"content":{"rendered":"<p>T\u00eam in\u00edcio na pr\u00f3xima segunda-feira (28\/11) a <a href=\"http:\/\/pet.inf.ufpel.edu.br\/sacomp\/2011\/\" target=\"_blank\" rel=\"noopener noreferrer\">XVI Semana Acad\u00eamica da Computa\u00e7\u00e3o<\/a> (SACOMP) e o <a href=\"http:\/\/inf.ufpel.edu.br\/spc\/2011\/\" target=\"_blank\" rel=\"noopener noreferrer\">II Semin\u00e1rio de Pesquisa em Computa\u00e7\u00e3o<\/a> da UFPEL (SPC).<\/p>\n<p>A SACOMP\u00a0trar\u00e1 assuntos bastantes pertinentes e muitas novidades para os participantes como palestras e mini-cursos. Dentre as palestras que ser\u00e3o apresentadas destacam-se temas como Computa\u00e7\u00e3o Qu\u00e2ntica, Integra\u00e7\u00e3o em Sistemas de Hardware, S\u00edntese de \u00c1udio, Fabrica\u00e7\u00e3o Artesanal de Placas de Circuitos e <em>Bad Science<\/em>. J\u00e1 entre os mini-cursos, assuntos como Desenvolvimento para Web, para Android e para o Facebook est\u00e3o entre os mais requisitados.<\/p>\n<p>O SPC\u00a0\u00a0apresenta para a comunidade uma s\u00edntese das pesquisas realizadas na \u00e1rea da Computa\u00e7\u00e3o da UFPel. \u00c9 o f\u00f3rum criado para discuss\u00e3o e poss\u00edvel integra\u00e7\u00e3o dos trabalhos, al\u00e9m de servir como registro hist\u00f3rico da produ\u00e7\u00e3o acad\u00eamica dos alunos da gradua\u00e7\u00e3o em sua inicia\u00e7\u00e3o cient\u00edfica que, pela primeira vez, conta com a participa\u00e7\u00e3o dos alunos do rec\u00e9m criado curso de mestrado em computa\u00e7\u00e3o.<\/p>\n<p>As programa\u00e7\u00f5es da <a href=\"http:\/\/pet.inf.ufpel.edu.br\/sacomp\/2011\/index.php\/main\/Programacao\" target=\"_blank\" rel=\"noopener noreferrer\">SACOMP<\/a> e do <a href=\"http:\/\/inf.ufpel.edu.br\/spc\/2011\/\" target=\"_blank\" rel=\"noopener noreferrer\">SPC<\/a> j\u00e1 est\u00e3o dispon\u00edveis.<\/p>\n<p>Toda a comunidade est\u00e1 convidada para participar destas atividades.<\/p>\n","protected":false},"excerpt":{"rendered":"<p>T\u00eam in\u00edcio na pr\u00f3xima segunda-feira (28\/11) a XVI Semana Acad\u00eamica da Computa\u00e7\u00e3o (SACOMP) e o II Semin\u00e1rio de Pesquisa em Computa\u00e7\u00e3o da UFPEL (SPC). A SACOMP\u00a0trar\u00e1 assuntos bastantes pertinentes e muitas novidades para os&#46;&#46;&#46;<\/p>\n","protected":false},"author":881,"featured_media":0,"comment_status":"open","ping_status":"open","sticky":false,"template":"","format":"standard","meta":{"jetpack_post_was_ever_published":false,"_jetpack_newsletter_access":"","_jetpack_dont_email_post_to_subs":false,"_jetpack_newsletter_tier_id":0,"_jetpack_memberships_contains_paywalled_content":false,"_jetpack_memberships_contains_paid_content":false,"footnotes":"","jetpack_publicize_message":"","jetpack_publicize_feature_enabled":true,"jetpack_social_post_already_shared":true,"jetpack_social_options":{"image_generator_settings":{"template":"highway","default_image_id":0,"font":"","enabled":false},"version":2}},"categories":[17,18],"tags":[],"class_list":["post-1257","post","type-post","status-publish","format-standard","hentry","category-noticia","category-todos"],"jetpack_publicize_connections":[],"jetpack_featured_media_url":"","jetpack_sharing_enabled":true,"jetpack_shortlink":"https:\/\/wp.me\/paGhNl-kh","_links":{"self":[{"href":"https:\/\/wp.ufpel.edu.br\/computacao\/wp-json\/wp\/v2\/posts\/1257","targetHints":{"allow":["GET"]}}],"collection":[{"href":"https:\/\/wp.ufpel.edu.br\/computacao\/wp-json\/wp\/v2\/posts"}],"about":[{"href":"https:\/\/wp.ufpel.edu.br\/computacao\/wp-json\/wp\/v2\/types\/post"}],"author":[{"embeddable":true,"href":"https:\/\/wp.ufpel.edu.br\/computacao\/wp-json\/wp\/v2\/users\/881"}],"replies":[{"embeddable":true,"href":"https:\/\/wp.ufpel.edu.br\/computacao\/wp-json\/wp\/v2\/comments?post=1257"}],"version-history":[{"count":0,"href":"https:\/\/wp.ufpel.edu.br\/computacao\/wp-json\/wp\/v2\/posts\/1257\/revisions"}],"wp:attachment":[{"href":"https:\/\/wp.ufpel.edu.br\/computacao\/wp-json\/wp\/v2\/media?parent=1257"}],"wp:term":[{"taxonomy":"category","embeddable":true,"href":"https:\/\/wp.ufpel.edu.br\/computacao\/wp-json\/wp\/v2\/categories?post=1257"},{"taxonomy":"post_tag","embeddable":true,"href":"https:\/\/wp.ufpel.edu.br\/computacao\/wp-json\/wp\/v2\/tags?post=1257"}],"curies":[{"name":"wp","href":"https:\/\/api.w.org\/{rel}","templated":true}]}}