{"id":1255,"date":"2011-11-24T14:11:50","date_gmt":"2011-11-24T17:11:50","guid":{"rendered":"http:\/\/inf.ufpel.edu.br\/site\/?p=1255"},"modified":"2011-11-24T14:11:50","modified_gmt":"2011-11-24T17:11:50","slug":"trabalhos-da-computacao-premiados-no-xx-cic-da-ufpel","status":"publish","type":"post","link":"https:\/\/wp.ufpel.edu.br\/computacao\/ccomp\/trabalhos-da-computacao-premiados-no-xx-cic-da-ufpel\/","title":{"rendered":"Trabalhos da Computa\u00e7\u00e3o premiados no XX CIC da UFPel"},"content":{"rendered":"<p>Aconteceu nesta quarta-feira (23\/11\/2011), no audit\u00f3rio da Faculdade de Direito da UFPel, a cerim\u00f4nia de entrega do\u00a0<strong>pr\u00eamio Jovem Pesquisador<\/strong>. A premia\u00e7\u00e3o foi concedida aos melhores trabalhos apresentados no XX Congresso de Inicia\u00e7\u00e3o Cient\u00edfica (CIC) da Universidade. Tr\u00eas alunos do <a href=\"http:\/\/inf.ufpel.edu.br\/ccomp\">Curso de Ci\u00eancia da Computa\u00e7\u00e3o<\/a> e bolsistas do <a href=\"http:\/\/inf.ufpel.edu.br\/gaci\">GACI<\/a> foram premiados:<\/p>\n<p>O aluno\u00a0<strong>Vin\u00edcius Neves Possani<\/strong>, sob orienta\u00e7\u00e3o dos profs. Leomar, Felipe e Luciano, ficou em\u00a0<strong>1\u00ba Lugar\u00a0<\/strong>na \u00e1rea de Ci\u00eancias Exatas e da Terra na modalidade de\u00a0<strong>apresenta\u00e7\u00e3o p\u00f4ster<\/strong>\u00a0com o trabalho &#8220;OTIMIZA\u00c7\u00d5ES EM REDES DE TRANSISTORES USANDO UMA ESTRAT\u00c9GIA DE COMPARTILHAMENTO DE AR\u00c9STAS EM UMA ESTRUTURA DE GRAFO&#8221;.<\/p>\n<p>O aluno\u00a0<strong>J\u00falio Sara\u00e7ol Domingues Junior<\/strong>, sob orienta\u00e7\u00e3o dos profs. Leomar e Felipe, ficou em\u00a0<strong>2\u00ba Lugar<\/strong>\u00a0na \u00e1rea de Ci\u00eancias Exatas e da Terra na modalidade de\u00a0<strong>apresenta\u00e7\u00e3o oral<\/strong>\u00a0com o trabalho &#8220;EXTRA\u00c7\u00c3O DE EXPRESS\u00d5ES BOOLEANAS A PARTIR DE REDES DE TRANSISTORES REPRESENTADAS POR GRAFOS&#8221;.<\/p>\n<p>O aluno\u00a0<strong>Marcel Moscarelli Corr\u00eaa<\/strong>, sob orienta\u00e7\u00e3o do prof. Luciano, ficou em\u00a0<strong>3\u00ba Lugar<\/strong>\u00a0na \u00e1rea de Ci\u00eancias Exatas e da Terra na modalidade de\u00a0<strong>apresenta\u00e7\u00e3o oral<\/strong>\u00a0com o trabalho &#8220;ARQUITETURA PARA ESTIMA\u00c7\u00c3O DE MOVIMENTO DO PADR\u00c3O H.264\/AVC COM ALGORITMO DIAMOND SEARCH E PRECIS\u00c3O DE QUARTER-PIXEL&#8221;.<\/p>\n<p>Dos 6 pr\u00eamios concedidos na \u00e1rea de Ci\u00eancias Exatas e da Terra, 3 foram para a \u00e1rea de Computa\u00e7\u00e3o.<\/p>\n","protected":false},"excerpt":{"rendered":"<p>Aconteceu nesta quarta-feira (23\/11\/2011), no audit\u00f3rio da Faculdade de Direito da UFPel, a cerim\u00f4nia de entrega do\u00a0pr\u00eamio Jovem Pesquisador. A premia\u00e7\u00e3o foi concedida aos melhores trabalhos apresentados no XX Congresso de Inicia\u00e7\u00e3o Cient\u00edfica (CIC)&#46;&#46;&#46;<\/p>\n","protected":false},"author":881,"featured_media":0,"comment_status":"open","ping_status":"open","sticky":false,"template":"","format":"standard","meta":{"jetpack_post_was_ever_published":false,"_jetpack_newsletter_access":"","_jetpack_dont_email_post_to_subs":false,"_jetpack_newsletter_tier_id":0,"_jetpack_memberships_contains_paywalled_content":false,"_jetpack_memberships_contains_paid_content":false,"footnotes":"","jetpack_publicize_message":"","jetpack_publicize_feature_enabled":true,"jetpack_social_post_already_shared":true,"jetpack_social_options":{"image_generator_settings":{"template":"highway","default_image_id":0,"font":"","enabled":false},"version":2}},"categories":[4,19,17],"tags":[],"class_list":["post-1255","post","type-post","status-publish","format-standard","hentry","category-ccomp","category-ecomp","category-noticia"],"jetpack_publicize_connections":[],"jetpack_featured_media_url":"","jetpack_sharing_enabled":true,"jetpack_shortlink":"https:\/\/wp.me\/paGhNl-kf","_links":{"self":[{"href":"https:\/\/wp.ufpel.edu.br\/computacao\/wp-json\/wp\/v2\/posts\/1255","targetHints":{"allow":["GET"]}}],"collection":[{"href":"https:\/\/wp.ufpel.edu.br\/computacao\/wp-json\/wp\/v2\/posts"}],"about":[{"href":"https:\/\/wp.ufpel.edu.br\/computacao\/wp-json\/wp\/v2\/types\/post"}],"author":[{"embeddable":true,"href":"https:\/\/wp.ufpel.edu.br\/computacao\/wp-json\/wp\/v2\/users\/881"}],"replies":[{"embeddable":true,"href":"https:\/\/wp.ufpel.edu.br\/computacao\/wp-json\/wp\/v2\/comments?post=1255"}],"version-history":[{"count":0,"href":"https:\/\/wp.ufpel.edu.br\/computacao\/wp-json\/wp\/v2\/posts\/1255\/revisions"}],"wp:attachment":[{"href":"https:\/\/wp.ufpel.edu.br\/computacao\/wp-json\/wp\/v2\/media?parent=1255"}],"wp:term":[{"taxonomy":"category","embeddable":true,"href":"https:\/\/wp.ufpel.edu.br\/computacao\/wp-json\/wp\/v2\/categories?post=1255"},{"taxonomy":"post_tag","embeddable":true,"href":"https:\/\/wp.ufpel.edu.br\/computacao\/wp-json\/wp\/v2\/tags?post=1255"}],"curies":[{"name":"wp","href":"https:\/\/api.w.org\/{rel}","templated":true}]}}