{"id":3202,"date":"2026-09-01T09:41:54","date_gmt":"2026-09-01T12:41:54","guid":{"rendered":"https:\/\/wp.ufpel.edu.br\/comex\/?p=3202"},"modified":"2026-09-01T09:42:19","modified_gmt":"2026-09-01T12:42:19","slug":"comercio-exterior-conta-com-mais-um-bolsista-de-monitoria","status":"publish","type":"post","link":"https:\/\/wp.ufpel.edu.br\/comex\/2026\/09\/01\/comercio-exterior-conta-com-mais-um-bolsista-de-monitoria\/","title":{"rendered":"Curso de Com\u00e9rcio Exterior \u00e9 contemplado com bolsa de monitoria"},"content":{"rendered":"<p dir=\"ltr\" style=\"text-align: justify;\">O professor <strong>Daniel Lena Marchiori Neto<\/strong>, coordenador do Curso de Com\u00e9rcio Exterior da Universidade Federal de Pelotas (UFPel), foi contemplado com uma bolsa na modalidade de a\u00e7\u00e3o afirmativa pela Pr\u00f3-Reitoria de Ensino (PRE) da institui\u00e7\u00e3o. A concess\u00e3o ocorreu no \u00e2mbito do Programa de Bolsas de Monitoria, Modalidade A\u00e7\u00f5es Afirmativas, por meio do Edital 19\/2026, referente ao segundo semestre letivo de 2026. O resultado final est\u00e1 dispon\u00edvel <a href=\"https:\/\/wp.ufpel.edu.br\/pre\/files\/2026\/08\/relatorio_resultado_bolsas-AF.pdf\">neste link<\/a>.<\/p>\n<p dir=\"ltr\" style=\"text-align: justify;\">Para compor a equipe de monitoria, o professor renovou a participa\u00e7\u00e3o da estudante <strong>Lyvia Righi Machado<\/strong>, do Curso de Com\u00e9rcio Exterior, que j\u00e1 atuava como bolsista desde o primeiro semestre letivo de 2026 na Oficina de Extens\u00e3o I. Como monitora, ela acompanhar\u00e1 a turma nas visitas t\u00e9cnicas de extens\u00e3o no semestre e auxiliar\u00e1 o docente no aprimoramento dos jogos did\u00e1ticos.<\/p>\n","protected":false},"excerpt":{"rendered":"<p>O professor Daniel Lena Marchiori Neto, coordenador do Curso de Com\u00e9rcio Exterior da Universidade Federal de Pelotas (UFPel), foi contemplado com uma bolsa na modalidade de a\u00e7\u00e3o afirmativa pela Pr\u00f3-Reitoria de Ensino (PRE) da institui\u00e7\u00e3o. A concess\u00e3o ocorreu no \u00e2mbito do Programa de Bolsas de Monitoria, Modalidade A\u00e7\u00f5es Afirmativas, por meio do Edital 19\/2026, referente &hellip; <\/p>\n<p><a class=\"more-link btn\" href=\"https:\/\/wp.ufpel.edu.br\/comex\/2026\/09\/01\/comercio-exterior-conta-com-mais-um-bolsista-de-monitoria\/\">Continue lendo<\/a><\/p>\n","protected":false},"author":1252,"featured_media":0,"comment_status":"closed","ping_status":"closed","sticky":false,"template":"","format":"standard","meta":{"_jetpack_newsletter_access":"","_jetpack_dont_email_post_to_subs":false,"_jetpack_newsletter_tier_id":0,"_jetpack_memberships_contains_paywalled_content":false,"_jetpack_feature_clip_id":0,"_jetpack_memberships_contains_paid_content":false,"footnotes":"","jetpack_post_was_ever_published":false},"categories":[1],"tags":[],"class_list":["post-3202","post","type-post","status-publish","format-standard","hentry","category-noticias","item-wrap"],"jetpack_featured_media_url":"","jetpack_sharing_enabled":true,"_links":{"self":[{"href":"https:\/\/wp.ufpel.edu.br\/comex\/wp-json\/wp\/v2\/posts\/3202","targetHints":{"allow":["GET"]}}],"collection":[{"href":"https:\/\/wp.ufpel.edu.br\/comex\/wp-json\/wp\/v2\/posts"}],"about":[{"href":"https:\/\/wp.ufpel.edu.br\/comex\/wp-json\/wp\/v2\/types\/post"}],"author":[{"embeddable":true,"href":"https:\/\/wp.ufpel.edu.br\/comex\/wp-json\/wp\/v2\/users\/1252"}],"replies":[{"embeddable":true,"href":"https:\/\/wp.ufpel.edu.br\/comex\/wp-json\/wp\/v2\/comments?post=3202"}],"version-history":[{"count":2,"href":"https:\/\/wp.ufpel.edu.br\/comex\/wp-json\/wp\/v2\/posts\/3202\/revisions"}],"predecessor-version":[{"id":3205,"href":"https:\/\/wp.ufpel.edu.br\/comex\/wp-json\/wp\/v2\/posts\/3202\/revisions\/3205"}],"wp:attachment":[{"href":"https:\/\/wp.ufpel.edu.br\/comex\/wp-json\/wp\/v2\/media?parent=3202"}],"wp:term":[{"taxonomy":"category","embeddable":true,"href":"https:\/\/wp.ufpel.edu.br\/comex\/wp-json\/wp\/v2\/categories?post=3202"},{"taxonomy":"post_tag","embeddable":true,"href":"https:\/\/wp.ufpel.edu.br\/comex\/wp-json\/wp\/v2\/tags?post=3202"}],"curies":[{"name":"wp","href":"https:\/\/api.w.org\/{rel}","templated":true}]}}