{"id":3193,"date":"2026-08-21T19:42:18","date_gmt":"2026-08-21T22:42:18","guid":{"rendered":"https:\/\/wp.ufpel.edu.br\/comex\/?p=3193"},"modified":"2026-08-21T19:42:18","modified_gmt":"2026-08-21T22:42:18","slug":"lista-de-passageiros-das-visitas-de-extensao-a-santa-vitoria-do-palmar-e-santana-da-boa-vista","status":"publish","type":"post","link":"https:\/\/wp.ufpel.edu.br\/comex\/2026\/08\/21\/lista-de-passageiros-das-visitas-de-extensao-a-santa-vitoria-do-palmar-e-santana-da-boa-vista\/","title":{"rendered":"Lista de Passageiros das visitas de extens\u00e3o a Santa Vit\u00f3ria do Palmar e Santana da Boa Vista"},"content":{"rendered":"<p dir=\"ltr\" style=\"text-align: justify;\">O Curso de Com\u00e9rcio Exterior da Universidade Federal de Pelotas (UFPel) divulga as <strong>Listas de Passageiros<\/strong> das duas pr\u00f3ximas viagens de extens\u00e3o da disciplina de <strong>Oficina de Extens\u00e3o II<\/strong>, vinculada ao projeto <em><strong>Constitui\u00e7\u00e3o nas Escolas<\/strong><\/em>. As atividades levam estudantes do curso a escolas p\u00fablicas da regi\u00e3o sul do Rio Grande do Sul para a aplica\u00e7\u00e3o de oficinas sobre temas vinculados a direitos humanos e organiza\u00e7\u00e3o do Estado.<\/p>\n<hr \/>\n<h3 dir=\"ltr\">\ud83d\ude8c Santa Vit\u00f3ria do Palmar \u2014 31 de agosto<\/h3>\n<p dir=\"ltr\">\ud83d\udd53 <strong>Sa\u00edda<\/strong> 4h, Mercado P\u00fablico de Pelotas<br \/>\n\ud83d\udd67 <strong>Retorno previsto<\/strong> 12h45<br \/>\n\ud83d\udccd <strong>Destino<\/strong> E.E.E.E. Manoel Vicente do Amaral<\/p>\n<p dir=\"ltr\"><strong>Participantes<\/strong><\/p>\n<ul dir=\"ltr\">\n<li>Brena de Sousa Padilha<\/li>\n<li>Bruna Molinar<\/li>\n<li>Daniele de Vargas Laureano<\/li>\n<li>Eduardo Grecco Corr\u00eaa<\/li>\n<li>Evelen da Silva Cardoso Tuchtenhagen<\/li>\n<li>Fillipe de Oliveira Marrero<\/li>\n<li>Gabriel Furtado Neves<\/li>\n<li>Gustavo Ferreira Echer<\/li>\n<li>Julia Valle Horvat<\/li>\n<li>Kau\u00ea Feij\u00f3 da Cunha<\/li>\n<li>Lyvia Righi Machado<\/li>\n<li>Maria Eduarda Guedes Santos<\/li>\n<li>M\u00e1rio Edson Pires de Pires<\/li>\n<li>Sofia Macedo Padilha<\/li>\n<\/ul>\n<p dir=\"ltr\">Respons\u00e1vel: professor Daniel Lena Marchiori Neto<\/p>\n<hr \/>\n<h3 dir=\"ltr\">\ud83d\ude8c Santana da Boa Vista \u2014 3 de setembro<\/h3>\n<p dir=\"ltr\">\ud83d\udd53 <strong>Sa\u00edda<\/strong> 4h30, Mercado P\u00fablico de Pelotas<br \/>\n\ud83d\udd67 <strong>Retorno previsto<\/strong> 12h30<br \/>\n\ud83d\udccd <strong>Destino<\/strong> Escola M\u00e9dia Estadual Jacinto In\u00e1cio<\/p>\n<p dir=\"ltr\"><strong>\ud83d\udc65 Participantes<\/strong><\/p>\n<ul dir=\"ltr\">\n<li>Brena de Sousa Padilha<\/li>\n<li>Bruna Molinar<\/li>\n<li>Eduardo Grecco Corr\u00eaa<\/li>\n<li>Emily Cavalheiro Garcia<\/li>\n<li>Gabriel Furtado Neves<\/li>\n<li>Gustavo Ferreira Echer<\/li>\n<li>Jordana da Rocha Bonow<\/li>\n<li>Julia Valle Horvat<\/li>\n<li>Kau\u00ea Feij\u00f3 da Cunha<\/li>\n<li>Leti\u00e9ri Martins Silveira<\/li>\n<li>Livia Labriolla da Costa<\/li>\n<li>Lyvia Righi Machado<\/li>\n<li>M\u00e1rio Edson Pires de Pires<\/li>\n<li>Sofia Macedo Padilha<\/li>\n<\/ul>\n<p dir=\"ltr\">Respons\u00e1vel: professor Daniel Lena Marchiori Neto<\/p>\n<hr \/>\n<h2 dir=\"ltr\">\u26a0\ufe0f Avisos importantes<\/h2>\n<ul dir=\"ltr\">\n<li style=\"text-align: justify;\">\ud83e\udeaa Cada participante dever\u00e1 portar documento oficial de identidade durante todo o deslocamento<\/li>\n<li style=\"text-align: justify;\">\u23f0 A pontualidade no hor\u00e1rio de sa\u00edda \u00e9 obrigat\u00f3ria, j\u00e1 que o cronograma das oficinas nas escolas depende da chegada da equipe no hor\u00e1rio previsto<\/li>\n<\/ul>\n","protected":false},"excerpt":{"rendered":"<p>O Curso de Com\u00e9rcio Exterior da Universidade Federal de Pelotas (UFPel) divulga as Listas de Passageiros das duas pr\u00f3ximas viagens de extens\u00e3o da disciplina de Oficina de Extens\u00e3o II, vinculada ao projeto Constitui\u00e7\u00e3o nas Escolas. As atividades levam estudantes do curso a escolas p\u00fablicas da regi\u00e3o sul do Rio Grande do Sul para a aplica\u00e7\u00e3o &hellip; <\/p>\n<p><a class=\"more-link btn\" href=\"https:\/\/wp.ufpel.edu.br\/comex\/2026\/08\/21\/lista-de-passageiros-das-visitas-de-extensao-a-santa-vitoria-do-palmar-e-santana-da-boa-vista\/\">Continue lendo<\/a><\/p>\n","protected":false},"author":1252,"featured_media":0,"comment_status":"closed","ping_status":"closed","sticky":false,"template":"","format":"standard","meta":{"_jetpack_newsletter_access":"","_jetpack_dont_email_post_to_subs":false,"_jetpack_newsletter_tier_id":0,"_jetpack_memberships_contains_paywalled_content":false,"_jetpack_feature_clip_id":0,"_jetpack_memberships_contains_paid_content":false,"footnotes":"","jetpack_post_was_ever_published":false},"categories":[1],"tags":[],"class_list":["post-3193","post","type-post","status-publish","format-standard","hentry","category-noticias","item-wrap"],"jetpack_featured_media_url":"","jetpack_sharing_enabled":true,"_links":{"self":[{"href":"https:\/\/wp.ufpel.edu.br\/comex\/wp-json\/wp\/v2\/posts\/3193","targetHints":{"allow":["GET"]}}],"collection":[{"href":"https:\/\/wp.ufpel.edu.br\/comex\/wp-json\/wp\/v2\/posts"}],"about":[{"href":"https:\/\/wp.ufpel.edu.br\/comex\/wp-json\/wp\/v2\/types\/post"}],"author":[{"embeddable":true,"href":"https:\/\/wp.ufpel.edu.br\/comex\/wp-json\/wp\/v2\/users\/1252"}],"replies":[{"embeddable":true,"href":"https:\/\/wp.ufpel.edu.br\/comex\/wp-json\/wp\/v2\/comments?post=3193"}],"version-history":[{"count":1,"href":"https:\/\/wp.ufpel.edu.br\/comex\/wp-json\/wp\/v2\/posts\/3193\/revisions"}],"predecessor-version":[{"id":3195,"href":"https:\/\/wp.ufpel.edu.br\/comex\/wp-json\/wp\/v2\/posts\/3193\/revisions\/3195"}],"wp:attachment":[{"href":"https:\/\/wp.ufpel.edu.br\/comex\/wp-json\/wp\/v2\/media?parent=3193"}],"wp:term":[{"taxonomy":"category","embeddable":true,"href":"https:\/\/wp.ufpel.edu.br\/comex\/wp-json\/wp\/v2\/categories?post=3193"},{"taxonomy":"post_tag","embeddable":true,"href":"https:\/\/wp.ufpel.edu.br\/comex\/wp-json\/wp\/v2\/tags?post=3193"}],"curies":[{"name":"wp","href":"https:\/\/api.w.org\/{rel}","templated":true}]}}