{"id":3189,"date":"2026-08-20T12:39:13","date_gmt":"2026-08-20T15:39:13","guid":{"rendered":"https:\/\/wp.ufpel.edu.br\/comex\/?p=3189"},"modified":"2026-08-20T12:39:13","modified_gmt":"2026-08-20T15:39:13","slug":"prof-daniel-marchiori-neto-participa-de-reuniao-com-unipampa-sobre-novo-curso-de-comercio-exterior","status":"publish","type":"post","link":"https:\/\/wp.ufpel.edu.br\/comex\/2026\/08\/20\/prof-daniel-marchiori-neto-participa-de-reuniao-com-unipampa-sobre-novo-curso-de-comercio-exterior\/","title":{"rendered":"Prof. Daniel Marchiori Neto participa de reuni\u00e3o com Unipampa sobre novo curso de Com\u00e9rcio Exterior"},"content":{"rendered":"<p dir=\"ltr\" style=\"text-align: justify;\">O Coordenador do Curso de Com\u00e9rcio Exterior da Universidade Federal de Pelotas (UFPel), Prof. Dr. Daniel Lena Marchiori Neto, participou nesta semana de uma reuni\u00e3o virtual com o Prof. Dr. Fernando Meinero, da Universidade Federal do Pampa (Unipampa), para compartilhar a experi\u00eancia da UFPel na estrutura\u00e7\u00e3o e consolida\u00e7\u00e3o de um curso superior em Com\u00e9rcio Exterior.<\/p>\n<p dir=\"ltr\" style=\"text-align: justify;\"><img loading=\"lazy\" decoding=\"async\" class=\"size-medium wp-image-3191 alignleft\" src=\"https:\/\/wp.ufpel.edu.br\/comex\/files\/2026\/08\/Captura-de-Tela-2026-08-20-as-12.38.36-400x177.png\" alt=\"\" width=\"400\" height=\"177\" srcset=\"https:\/\/wp.ufpel.edu.br\/comex\/files\/2026\/08\/Captura-de-Tela-2026-08-20-as-12.38.36-400x177.png 400w, https:\/\/wp.ufpel.edu.br\/comex\/files\/2026\/08\/Captura-de-Tela-2026-08-20-as-12.38.36-1024x453.png 1024w, https:\/\/wp.ufpel.edu.br\/comex\/files\/2026\/08\/Captura-de-Tela-2026-08-20-as-12.38.36-768x339.png 768w, https:\/\/wp.ufpel.edu.br\/comex\/files\/2026\/08\/Captura-de-Tela-2026-08-20-as-12.38.36-1536x679.png 1536w, https:\/\/wp.ufpel.edu.br\/comex\/files\/2026\/08\/Captura-de-Tela-2026-08-20-as-12.38.36-2048x905.png 2048w, https:\/\/wp.ufpel.edu.br\/comex\/files\/2026\/08\/Captura-de-Tela-2026-08-20-as-12.38.36-756x334.png 756w\" sizes=\"auto, (max-width: 400px) 100vw, 400px\" \/>O\u00a0encontro foi motivado pela conquista da Unipampa de novas vagas no programa Universidades Transformadoras, iniciativa do Minist\u00e9rio da Educa\u00e7\u00e3o (MEC) voltada \u00e0 amplia\u00e7\u00e3o e diversifica\u00e7\u00e3o da oferta de cursos superiores em institui\u00e7\u00f5es federais. Entre as propostas contempladas est\u00e1 a cria\u00e7\u00e3o de um curso tecn\u00f3logo em Com\u00e9rcio Exterior na institui\u00e7\u00e3o ga\u00facha, o que motivou o Prof. Fernando Meinero a buscar o di\u00e1logo com a UFPel.<\/p>\n<p dir=\"ltr\" style=\"text-align: justify;\">O Curso de Com\u00e9rcio Exterior da UFPel possui Conceito 5 atribu\u00eddo pelo Instituto Nacional de Estudos e Pesquisas Educacionais An\u00edsio Teixeira (INEP\/MEC), maior avalia\u00e7\u00e3o concedida pelo \u00f3rg\u00e3o federal. Prof. Daniel foi presidente da comiss\u00e3o respons\u00e1vel pela cria\u00e7\u00e3o do curso na UFPel, acumulando ampla experi\u00eancia sobre os desafios e as solu\u00e7\u00f5es encontradas ao longo do processo de implanta\u00e7\u00e3o e consolida\u00e7\u00e3o da gradua\u00e7\u00e3o. Durante a reuni\u00e3o, apresentou de forma detalhada o funcionamento pedag\u00f3gico e curricular do curso. Um dos pontos centrais da conversa foi a flexibiliza\u00e7\u00e3o curricular promovida pela oferta de disciplinas na modalidade de Ensino a Dist\u00e2ncia (EaD), estrat\u00e9gia que amplia o acesso de estudantes com rotinas profissionais diversas e favorece a concilia\u00e7\u00e3o entre estudo e trabalho.<\/p>\n<p dir=\"ltr\" style=\"text-align: justify;\">Prof. Daniel tamb\u00e9m destacou a aus\u00eancia de pr\u00e9-requisitos entre as disciplinas do curso como um diferencial importante do modelo pedag\u00f3gico adotado pela UFPel. Segundo explicou, essa caracter\u00edstica d\u00e1 aos pr\u00f3prios estudantes maior autonomia para organizar sua trajet\u00f3ria acad\u00eamica, respeitando particularidades e ritmos individuais de aprendizagem. Outro aspecto abordado foi o perfil do p\u00fablico atendido pelo curso. De acordo com o coordenador, a maior parte dos estudantes j\u00e1 est\u00e1 inserida no mercado de trabalho ou busca uma segunda forma\u00e7\u00e3o superior, o que refor\u00e7a a necessidade de um curr\u00edculo flex\u00edvel e conectado \u00e0s demandas pr\u00e1ticas do setor de com\u00e9rcio exterior.<\/p>\n<p dir=\"ltr\" style=\"text-align: justify;\">Prof. Daniel explicou ainda que o curso est\u00e1 institucionalmente vinculado \u00e0 \u00e1rea de Administra\u00e7\u00e3o, mas mant\u00e9m um forte car\u00e1ter interdisciplinar, dialogando com campos como Direito, Rela\u00e7\u00f5es Internacionais e Economia. Essa interdisciplinaridade, segundo ele, amplia as possibilidades de atua\u00e7\u00e3o dos egressos e fortalece a forma\u00e7\u00e3o de profissionais capacitados para lidar com a complexidade das rela\u00e7\u00f5es comerciais internacionais.<\/p>\n<p dir=\"ltr\" style=\"text-align: justify;\">Ao final da conversa, os dois professores discutiram a possibilidade de construir uma estrat\u00e9gia de aproxima\u00e7\u00e3o institucional entre a UFPel e a Unipampa, com o objetivo de estreitar a coopera\u00e7\u00e3o entre os cursos de Com\u00e9rcio Exterior das duas universidades federais ga\u00fachas. A iniciativa abre caminho para futuras trocas acad\u00eamicas e a\u00e7\u00f5es conjuntas entre as institui\u00e7\u00f5es.<\/p>\n","protected":false},"excerpt":{"rendered":"<p>O Coordenador do Curso de Com\u00e9rcio Exterior da Universidade Federal de Pelotas (UFPel), Prof. Dr. Daniel Lena Marchiori Neto, participou nesta semana de uma reuni\u00e3o virtual com o Prof. Dr. Fernando Meinero, da Universidade Federal do Pampa (Unipampa), para compartilhar a experi\u00eancia da UFPel na estrutura\u00e7\u00e3o e consolida\u00e7\u00e3o de um curso superior em Com\u00e9rcio Exterior. &hellip; <\/p>\n<p><a class=\"more-link btn\" href=\"https:\/\/wp.ufpel.edu.br\/comex\/2026\/08\/20\/prof-daniel-marchiori-neto-participa-de-reuniao-com-unipampa-sobre-novo-curso-de-comercio-exterior\/\">Continue lendo<\/a><\/p>\n","protected":false},"author":1252,"featured_media":0,"comment_status":"closed","ping_status":"closed","sticky":false,"template":"","format":"standard","meta":{"_jetpack_newsletter_access":"","_jetpack_dont_email_post_to_subs":false,"_jetpack_newsletter_tier_id":0,"_jetpack_memberships_contains_paywalled_content":false,"_jetpack_feature_clip_id":0,"_jetpack_memberships_contains_paid_content":false,"footnotes":"","jetpack_post_was_ever_published":false},"categories":[1],"tags":[],"class_list":["post-3189","post","type-post","status-publish","format-standard","hentry","category-noticias","item-wrap"],"jetpack_featured_media_url":"","jetpack_sharing_enabled":true,"_links":{"self":[{"href":"https:\/\/wp.ufpel.edu.br\/comex\/wp-json\/wp\/v2\/posts\/3189","targetHints":{"allow":["GET"]}}],"collection":[{"href":"https:\/\/wp.ufpel.edu.br\/comex\/wp-json\/wp\/v2\/posts"}],"about":[{"href":"https:\/\/wp.ufpel.edu.br\/comex\/wp-json\/wp\/v2\/types\/post"}],"author":[{"embeddable":true,"href":"https:\/\/wp.ufpel.edu.br\/comex\/wp-json\/wp\/v2\/users\/1252"}],"replies":[{"embeddable":true,"href":"https:\/\/wp.ufpel.edu.br\/comex\/wp-json\/wp\/v2\/comments?post=3189"}],"version-history":[{"count":1,"href":"https:\/\/wp.ufpel.edu.br\/comex\/wp-json\/wp\/v2\/posts\/3189\/revisions"}],"predecessor-version":[{"id":3192,"href":"https:\/\/wp.ufpel.edu.br\/comex\/wp-json\/wp\/v2\/posts\/3189\/revisions\/3192"}],"wp:attachment":[{"href":"https:\/\/wp.ufpel.edu.br\/comex\/wp-json\/wp\/v2\/media?parent=3189"}],"wp:term":[{"taxonomy":"category","embeddable":true,"href":"https:\/\/wp.ufpel.edu.br\/comex\/wp-json\/wp\/v2\/categories?post=3189"},{"taxonomy":"post_tag","embeddable":true,"href":"https:\/\/wp.ufpel.edu.br\/comex\/wp-json\/wp\/v2\/tags?post=3189"}],"curies":[{"name":"wp","href":"https:\/\/api.w.org\/{rel}","templated":true}]}}