{"id":3186,"date":"2026-08-20T11:34:58","date_gmt":"2026-08-20T14:34:58","guid":{"rendered":"https:\/\/wp.ufpel.edu.br\/comex\/?p=3186"},"modified":"2026-08-20T11:34:58","modified_gmt":"2026-08-20T14:34:58","slug":"comunicado-07-2026-flexibilizacao-das-aulas-presenciais-20-08-2026","status":"publish","type":"post","link":"https:\/\/wp.ufpel.edu.br\/comex\/2026\/08\/20\/comunicado-07-2026-flexibilizacao-das-aulas-presenciais-20-08-2026\/","title":{"rendered":"Comunicado 07\/2026 \u2013 Flexibiliza\u00e7\u00e3o das aulas presenciais \u2013 20\/08\/2026"},"content":{"rendered":"<p class=\"isSelectedEnd\" style=\"text-align: justify;\">A Coordena\u00e7\u00e3o do Curso de Com\u00e9rcio Exterior informa que, considerando as condi\u00e7\u00f5es clim\u00e1ticas e os impactos ainda verificados no munic\u00edpio de Pelotas, <strong>as aulas previstas para esta quinta-feira, 20 de agosto de 2026, ser\u00e3o realizadas de forma remota e s\u00edncrona, por meio do e-Aula<\/strong>.<\/p>\n<p class=\"isSelectedEnd\" style=\"text-align: justify;\">A decis\u00e3o atende \u00e0 orienta\u00e7\u00e3o da Dire\u00e7\u00e3o do Centro de Ci\u00eancias Socio-Organizacionais (CCSO) quanto \u00e0 flexibiliza\u00e7\u00e3o das atividades acad\u00eamicas e tamb\u00e9m \u00e0 <strong>solicita\u00e7\u00e3o encaminhada pelo Diret\u00f3rio Acad\u00eamico de Com\u00e9rcio Exterior (DACE)<\/strong>, que relatou \u00e0 Coordena\u00e7\u00e3o as dificuldades enfrentadas por estudantes para o deslocamento at\u00e9 a Universidade em raz\u00e3o de alagamentos e das condi\u00e7\u00f5es meteorol\u00f3gicas.<\/p>\n<p class=\"isSelectedEnd\" style=\"text-align: justify;\">Ap\u00f3s di\u00e1logo da Coordena\u00e7\u00e3o com os professores <strong>Luciano Vaz Ferreira<\/strong> e <strong>Kelly Arpino<\/strong>, respons\u00e1veis pelas atividades acad\u00eamicas previstas para hoje, ficou determinado que <strong>as aulas ser\u00e3o realizadas remotamente, de forma s\u00edncrona, nos respectivos hor\u00e1rios regulares<\/strong>.<\/p>\n<p class=\"isSelectedEnd\" style=\"text-align: justify;\">A medida est\u00e1 em conson\u00e2ncia com o <strong>Memorando-Circular n\u00ba 54\/2026\/GR\/REITORIA<\/strong>, que mant\u00e9m o enquadramento de Impacto M\u00e9dio e orienta a ado\u00e7\u00e3o de medidas de flexibiliza\u00e7\u00e3o e cuidado, especialmente em rela\u00e7\u00e3o \u00e0s pessoas ainda afetadas pelas consequ\u00eancias dos eventos clim\u00e1ticos.<\/p>\n<p class=\"isSelectedEnd\" style=\"text-align: justify;\">A Coordena\u00e7\u00e3o agradece ao Diret\u00f3rio Acad\u00eamico pela interlocu\u00e7\u00e3o e refor\u00e7a a import\u00e2ncia da comunica\u00e7\u00e3o entre estudantes, docentes e gest\u00e3o do Curso para a ado\u00e7\u00e3o de medidas que conciliem a continuidade das atividades acad\u00eamicas com a seguran\u00e7a da comunidade universit\u00e1ria.<\/p>\n","protected":false},"excerpt":{"rendered":"<p>A Coordena\u00e7\u00e3o do Curso de Com\u00e9rcio Exterior informa que, considerando as condi\u00e7\u00f5es clim\u00e1ticas e os impactos ainda verificados no munic\u00edpio de Pelotas, as aulas previstas para esta quinta-feira, 20 de agosto de 2026, ser\u00e3o realizadas de forma remota e s\u00edncrona, por meio do e-Aula. A decis\u00e3o atende \u00e0 orienta\u00e7\u00e3o da Dire\u00e7\u00e3o do Centro de Ci\u00eancias &hellip; <\/p>\n<p><a class=\"more-link btn\" href=\"https:\/\/wp.ufpel.edu.br\/comex\/2026\/08\/20\/comunicado-07-2026-flexibilizacao-das-aulas-presenciais-20-08-2026\/\">Continue lendo<\/a><\/p>\n","protected":false},"author":1252,"featured_media":0,"comment_status":"closed","ping_status":"closed","sticky":false,"template":"","format":"standard","meta":{"_jetpack_newsletter_access":"","_jetpack_dont_email_post_to_subs":false,"_jetpack_newsletter_tier_id":0,"_jetpack_memberships_contains_paywalled_content":false,"_jetpack_feature_clip_id":0,"_jetpack_memberships_contains_paid_content":false,"footnotes":"","jetpack_post_was_ever_published":false},"categories":[7],"tags":[],"class_list":["post-3186","post","type-post","status-publish","format-standard","hentry","category-informes-da-coordenacao","item-wrap"],"jetpack_featured_media_url":"","jetpack_sharing_enabled":true,"_links":{"self":[{"href":"https:\/\/wp.ufpel.edu.br\/comex\/wp-json\/wp\/v2\/posts\/3186","targetHints":{"allow":["GET"]}}],"collection":[{"href":"https:\/\/wp.ufpel.edu.br\/comex\/wp-json\/wp\/v2\/posts"}],"about":[{"href":"https:\/\/wp.ufpel.edu.br\/comex\/wp-json\/wp\/v2\/types\/post"}],"author":[{"embeddable":true,"href":"https:\/\/wp.ufpel.edu.br\/comex\/wp-json\/wp\/v2\/users\/1252"}],"replies":[{"embeddable":true,"href":"https:\/\/wp.ufpel.edu.br\/comex\/wp-json\/wp\/v2\/comments?post=3186"}],"version-history":[{"count":1,"href":"https:\/\/wp.ufpel.edu.br\/comex\/wp-json\/wp\/v2\/posts\/3186\/revisions"}],"predecessor-version":[{"id":3188,"href":"https:\/\/wp.ufpel.edu.br\/comex\/wp-json\/wp\/v2\/posts\/3186\/revisions\/3188"}],"wp:attachment":[{"href":"https:\/\/wp.ufpel.edu.br\/comex\/wp-json\/wp\/v2\/media?parent=3186"}],"wp:term":[{"taxonomy":"category","embeddable":true,"href":"https:\/\/wp.ufpel.edu.br\/comex\/wp-json\/wp\/v2\/categories?post=3186"},{"taxonomy":"post_tag","embeddable":true,"href":"https:\/\/wp.ufpel.edu.br\/comex\/wp-json\/wp\/v2\/tags?post=3186"}],"curies":[{"name":"wp","href":"https:\/\/api.w.org\/{rel}","templated":true}]}}