{"id":2985,"date":"2026-04-22T15:33:41","date_gmt":"2026-04-22T18:33:41","guid":{"rendered":"https:\/\/wp.ufpel.edu.br\/comex\/?p=2985"},"modified":"2026-04-22T15:37:57","modified_gmt":"2026-04-22T18:37:57","slug":"prof-luciano-apresenta-pesquisa-sobre-crimes-internacionais-em-conferencia-realizada-na-ucrania","status":"publish","type":"post","link":"https:\/\/wp.ufpel.edu.br\/comex\/2026\/04\/22\/prof-luciano-apresenta-pesquisa-sobre-crimes-internacionais-em-conferencia-realizada-na-ucrania\/","title":{"rendered":"Prof. Luciano apresenta pesquisa sobre crimes internacionais em confer\u00eancia realizada na Ucr\u00e2nia"},"content":{"rendered":"<p class=\"font-claude-response-body break-words whitespace-normal leading-[1.7]\" style=\"text-align: justify;\">O professor Luciano, docente do curso de Com\u00e9rcio Exterior da Universidade Federal de Pelotas (UFPel), participou da <em><strong>IV International Conference on International Crimes<\/strong><\/em>, realizada em <strong>14 de abril de 2026<\/strong> na cidade de Ivano-Frankivsk, na Ucr\u00e2nia. O evento reuniu pesquisadores e especialistas de diversos pa\u00edses para debater quest\u00f5es contempor\u00e2neas relacionadas ao direito internacional e \u00e0 criminalidade internacional.<\/p>\n<p class=\"font-claude-response-body break-words whitespace-normal leading-[1.7]\" style=\"text-align: justify;\"><img loading=\"lazy\" decoding=\"async\" class=\"size-medium wp-image-2988 alignleft\" src=\"https:\/\/wp.ufpel.edu.br\/comex\/files\/2026\/04\/WhatsApp-Image-2026-04-17-at-18.46.52-300x400.jpeg\" alt=\"\" width=\"300\" height=\"400\" srcset=\"https:\/\/wp.ufpel.edu.br\/comex\/files\/2026\/04\/WhatsApp-Image-2026-04-17-at-18.46.52-300x400.jpeg 300w, https:\/\/wp.ufpel.edu.br\/comex\/files\/2026\/04\/WhatsApp-Image-2026-04-17-at-18.46.52-768x1024.jpeg 768w, https:\/\/wp.ufpel.edu.br\/comex\/files\/2026\/04\/WhatsApp-Image-2026-04-17-at-18.46.52-756x1008.jpeg 756w, https:\/\/wp.ufpel.edu.br\/comex\/files\/2026\/04\/WhatsApp-Image-2026-04-17-at-18.46.52.jpeg 960w\" sizes=\"auto, (max-width: 300px) 100vw, 300px\" \/>A confer\u00eancia foi organizada pelo<strong> Institute of Legal Education and Research da Vasyl Stefanyk Precarpathian National University<\/strong>, institui\u00e7\u00e3o p\u00fablica ucraniana fundada em 1940 e localizada na regi\u00e3o da Precarpathia. Reconhecida como um dos principais centros acad\u00eamicos do oeste da Ucr\u00e2nia, a universidade atua em \u00e1reas como direito, rela\u00e7\u00f5es internacionais, economia e ci\u00eancias sociais, al\u00e9m de desenvolver pesquisas voltadas a temas contempor\u00e2neos de seguran\u00e7a, governan\u00e7a e direito internacional. Nos \u00faltimos anos, a institui\u00e7\u00e3o tamb\u00e9m tem ampliado sua inser\u00e7\u00e3o internacional por meio de parcerias e eventos cient\u00edficos de alcance global.<\/p>\n<p class=\"font-claude-response-body break-words whitespace-normal leading-[1.7]\" style=\"text-align: justify;\">Na ocasi\u00e3o, o professor Luciano apresentou a palestra intitulada <em>&#8220;Digital Psychological Warfare and International Crimes&#8221;<\/em>, na qual analisou o uso da guerra psicol\u00f3gica no ambiente digital como instrumento de influ\u00eancia em disputas geopol\u00edticas. A exposi\u00e7\u00e3o destacou os impactos dessas pr\u00e1ticas sobre a forma\u00e7\u00e3o de percep\u00e7\u00f5es sociais e a din\u00e2mica dos conflitos internacionais.<\/p>\n<p class=\"font-claude-response-body break-words whitespace-normal leading-[1.7]\" style=\"text-align: justify;\">A apresenta\u00e7\u00e3o tamb\u00e9m examinou as implica\u00e7\u00f5es estrat\u00e9gicas e jur\u00eddicas dessas a\u00e7\u00f5es no contexto da criminalidade internacional contempor\u00e2nea, ressaltando a crescente import\u00e2ncia das opera\u00e7\u00f5es informacionais em cen\u00e1rios de competi\u00e7\u00e3o global. A participa\u00e7\u00e3o do docente refor\u00e7a o papel da UFPel na produ\u00e7\u00e3o e na difus\u00e3o de conhecimento cient\u00edfico em f\u00f3runs internacionais de alto n\u00edvel.<\/p>\n","protected":false},"excerpt":{"rendered":"<p>O professor Luciano, docente do curso de Com\u00e9rcio Exterior da Universidade Federal de Pelotas (UFPel), participou da IV International Conference on International Crimes, realizada em 14 de abril de 2026 na cidade de Ivano-Frankivsk, na Ucr\u00e2nia. O evento reuniu pesquisadores e especialistas de diversos pa\u00edses para debater quest\u00f5es contempor\u00e2neas relacionadas ao direito internacional e \u00e0 &hellip; <\/p>\n<p><a class=\"more-link btn\" href=\"https:\/\/wp.ufpel.edu.br\/comex\/2026\/04\/22\/prof-luciano-apresenta-pesquisa-sobre-crimes-internacionais-em-conferencia-realizada-na-ucrania\/\">Continue lendo<\/a><\/p>\n","protected":false},"author":1252,"featured_media":0,"comment_status":"closed","ping_status":"closed","sticky":false,"template":"","format":"standard","meta":{"_jetpack_memberships_contains_paid_content":false,"footnotes":""},"categories":[1],"tags":[],"class_list":["post-2985","post","type-post","status-publish","format-standard","hentry","category-noticias","item-wrap"],"jetpack_featured_media_url":"","jetpack_sharing_enabled":true,"_links":{"self":[{"href":"https:\/\/wp.ufpel.edu.br\/comex\/wp-json\/wp\/v2\/posts\/2985","targetHints":{"allow":["GET"]}}],"collection":[{"href":"https:\/\/wp.ufpel.edu.br\/comex\/wp-json\/wp\/v2\/posts"}],"about":[{"href":"https:\/\/wp.ufpel.edu.br\/comex\/wp-json\/wp\/v2\/types\/post"}],"author":[{"embeddable":true,"href":"https:\/\/wp.ufpel.edu.br\/comex\/wp-json\/wp\/v2\/users\/1252"}],"replies":[{"embeddable":true,"href":"https:\/\/wp.ufpel.edu.br\/comex\/wp-json\/wp\/v2\/comments?post=2985"}],"version-history":[{"count":2,"href":"https:\/\/wp.ufpel.edu.br\/comex\/wp-json\/wp\/v2\/posts\/2985\/revisions"}],"predecessor-version":[{"id":2989,"href":"https:\/\/wp.ufpel.edu.br\/comex\/wp-json\/wp\/v2\/posts\/2985\/revisions\/2989"}],"wp:attachment":[{"href":"https:\/\/wp.ufpel.edu.br\/comex\/wp-json\/wp\/v2\/media?parent=2985"}],"wp:term":[{"taxonomy":"category","embeddable":true,"href":"https:\/\/wp.ufpel.edu.br\/comex\/wp-json\/wp\/v2\/categories?post=2985"},{"taxonomy":"post_tag","embeddable":true,"href":"https:\/\/wp.ufpel.edu.br\/comex\/wp-json\/wp\/v2\/tags?post=2985"}],"curies":[{"name":"wp","href":"https:\/\/api.w.org\/{rel}","templated":true}]}}