{"id":2977,"date":"2026-04-16T13:46:45","date_gmt":"2026-04-16T16:46:45","guid":{"rendered":"https:\/\/wp.ufpel.edu.br\/comex\/?p=2977"},"modified":"2026-04-16T13:47:23","modified_gmt":"2026-04-16T16:47:23","slug":"comercio-exterior-da-o-primeiro-passo-rumo-ao-seu-diretorio-academico","status":"publish","type":"post","link":"https:\/\/wp.ufpel.edu.br\/comex\/2026\/04\/16\/comercio-exterior-da-o-primeiro-passo-rumo-ao-seu-diretorio-academico\/","title":{"rendered":"Com\u00e9rcio Exterior d\u00e1 o primeiro passo rumo ao seu Diret\u00f3rio Acad\u00eamico"},"content":{"rendered":"<div>\n<p class=\"font-claude-response-body\" style=\"text-align: justify;\">O Coordenador do Curso de Com\u00e9rcio Exterior da Universidade Federal de Pelotas, Prof. Daniel Marchiori, assinou nesta quinta-feira, 16 de abril de 2026, a <a href=\"https:\/\/wp.ufpel.edu.br\/comex\/files\/2026\/04\/SEI_3803118_Portaria_Interna_1-1.pdf\">Portaria Interna n\u00ba 01\/2026<\/a>, que institui uma <strong>comiss\u00e3o com a finalidade de elaborar o estatuto do Diret\u00f3rio Acad\u00eamico do Curso de Com\u00e9rcio Exterior<\/strong>. A comiss\u00e3o \u00e9 composta exclusivamente por estudantes da gradua\u00e7\u00e3o, o que confere ao processo um car\u00e1ter genuinamente discente e aut\u00f4nomo.<\/p>\n<p class=\"font-claude-response-body\" style=\"text-align: justify;\">S\u00e3o 24 acad\u00eamicos que integram a comiss\u00e3o: Carlos Eduardo Donatti, Diogo Bento da Fonseca, Eduardo Grecco Corr\u00eaa, Fillipe de Oliveira Marrero, Gabriel Furtado Neves, Inarah Delgado Melcheque de \u00c1vila, Jordan Gon\u00e7alves Rodrigues, Juan Vergara da Silva, Julia Valle Horvat, L\u00edvia Labriolla da Costa, Lu\u00edsa Macedo Corr\u00eaa, Luis Paulo Prot\u00e1sio da Silva J\u00fanior, Lyvia Righi Machado, M\u00e1rio Edson Pires de Pires, Matheo Davi Telles Moraes, Milena Raquel Batista Farias, M\u00f4nica Costa Malaguez, Nicole Rodrigues Doleski, Ot\u00e1vio Peres Lopes, Pedro da Rosa Amaral, Rebeka Lopes Carvalho e Oliveira, Vin\u00edcius Ramos Pimentel, William Rodrigues Eifler e Ynara Alves Lessa. <b>A presid\u00eancia dos trabalhos caber\u00e1 ao acad\u00eamico<\/b> <b>Fillipe de Oliveira Marrero<\/b>.<\/p>\n<p class=\"font-claude-response-body\" style=\"text-align: justify;\">A comiss\u00e3o ter\u00e1 o prazo de 45 dias para produzir um relat\u00f3rio que ser\u00e1 apresentado a todos os estudantes do curso. O trabalho desenvolvido corresponder\u00e1 a uma carga hor\u00e1ria de 30 horas, reconhecida como Atividade Complementar na modalidade de atua\u00e7\u00e3o em comiss\u00e3o institu\u00edda por portaria, nos termos do formul\u00e1rio de integraliza\u00e7\u00e3o do curso.<\/p>\n<p class=\"font-claude-response-body\" style=\"text-align: justify;\">Um diret\u00f3rio acad\u00eamico \u00e9 a entidade representativa dos estudantes de um curso de gradua\u00e7\u00e3o. O Centro ou Diret\u00f3rio Acad\u00eamico est\u00e1 presente em cada curso da universidade e atende \u00e0s quest\u00f5es gerais internas, al\u00e9m de promover mobiliza\u00e7\u00f5es, atividades culturais e a\u00e7\u00f5es relacionadas ao movimento estudantil.<span class=\"apple-converted-space\">\u00a0<span data-state=\"closed\">\u00a0<\/span>Trata-se, portanto, de um espa\u00e7o institucional fundamental para que os estudantes se organizem coletivamente, fa\u00e7am valer seus interesses e participem ativamente da vida universit\u00e1ria.<\/span><\/p>\n<\/div>\n<div>\n<p class=\"font-claude-response-body\" style=\"text-align: justify;\">O fato de a comiss\u00e3o ter sido formada exclusivamente por estudantes e de ter partido deles a demanda pela cria\u00e7\u00e3o do diret\u00f3rio evidencia que a disposi\u00e7\u00e3o para a organiza\u00e7\u00e3o coletiva n\u00e3o desapareceu. Ao contr\u00e1rio, ela se manifesta de forma concreta e respons\u00e1vel, por meio de um processo formal e transparente. A Coordena\u00e7\u00e3o do Curso celebra esse movimento e reafirma seu compromisso com uma gest\u00e3o participativa e democr\u00e1tica, em que a voz dos estudantes ocupa o lugar que lhe \u00e9 de direito.<\/p>\n<\/div>\n","protected":false},"excerpt":{"rendered":"<p>O Coordenador do Curso de Com\u00e9rcio Exterior da Universidade Federal de Pelotas, Prof. Daniel Marchiori, assinou nesta quinta-feira, 16 de abril de 2026, a Portaria Interna n\u00ba 01\/2026, que institui uma comiss\u00e3o com a finalidade de elaborar o estatuto do Diret\u00f3rio Acad\u00eamico do Curso de Com\u00e9rcio Exterior. A comiss\u00e3o \u00e9 composta exclusivamente por estudantes da &hellip; <\/p>\n<p><a class=\"more-link btn\" href=\"https:\/\/wp.ufpel.edu.br\/comex\/2026\/04\/16\/comercio-exterior-da-o-primeiro-passo-rumo-ao-seu-diretorio-academico\/\">Continue lendo<\/a><\/p>\n","protected":false},"author":1252,"featured_media":0,"comment_status":"closed","ping_status":"closed","sticky":false,"template":"","format":"standard","meta":{"_jetpack_memberships_contains_paid_content":false,"footnotes":""},"categories":[1],"tags":[],"class_list":["post-2977","post","type-post","status-publish","format-standard","hentry","category-noticias","item-wrap"],"jetpack_featured_media_url":"","jetpack_sharing_enabled":true,"_links":{"self":[{"href":"https:\/\/wp.ufpel.edu.br\/comex\/wp-json\/wp\/v2\/posts\/2977","targetHints":{"allow":["GET"]}}],"collection":[{"href":"https:\/\/wp.ufpel.edu.br\/comex\/wp-json\/wp\/v2\/posts"}],"about":[{"href":"https:\/\/wp.ufpel.edu.br\/comex\/wp-json\/wp\/v2\/types\/post"}],"author":[{"embeddable":true,"href":"https:\/\/wp.ufpel.edu.br\/comex\/wp-json\/wp\/v2\/users\/1252"}],"replies":[{"embeddable":true,"href":"https:\/\/wp.ufpel.edu.br\/comex\/wp-json\/wp\/v2\/comments?post=2977"}],"version-history":[{"count":2,"href":"https:\/\/wp.ufpel.edu.br\/comex\/wp-json\/wp\/v2\/posts\/2977\/revisions"}],"predecessor-version":[{"id":2980,"href":"https:\/\/wp.ufpel.edu.br\/comex\/wp-json\/wp\/v2\/posts\/2977\/revisions\/2980"}],"wp:attachment":[{"href":"https:\/\/wp.ufpel.edu.br\/comex\/wp-json\/wp\/v2\/media?parent=2977"}],"wp:term":[{"taxonomy":"category","embeddable":true,"href":"https:\/\/wp.ufpel.edu.br\/comex\/wp-json\/wp\/v2\/categories?post=2977"},{"taxonomy":"post_tag","embeddable":true,"href":"https:\/\/wp.ufpel.edu.br\/comex\/wp-json\/wp\/v2\/tags?post=2977"}],"curies":[{"name":"wp","href":"https:\/\/api.w.org\/{rel}","templated":true}]}}