{"id":2953,"date":"2026-04-08T15:50:43","date_gmt":"2026-04-08T18:50:43","guid":{"rendered":"https:\/\/wp.ufpel.edu.br\/comex\/?p=2953"},"modified":"2026-04-08T15:50:43","modified_gmt":"2026-04-08T18:50:43","slug":"professor-daniel-e-contemplado-com-bolsa-de-monitoria","status":"publish","type":"post","link":"https:\/\/wp.ufpel.edu.br\/comex\/2026\/04\/08\/professor-daniel-e-contemplado-com-bolsa-de-monitoria\/","title":{"rendered":"Professor Daniel \u00e9 contemplado com bolsa de monitoria"},"content":{"rendered":"<p class=\"font-claude-response-body break-words whitespace-normal leading-[1.7]\" style=\"text-align: justify;\">O professor Daniel Lena Marchiori Neto, coordenador do Curso de Com\u00e9rcio Exterior da Universidade Federal de Pelotas (UFPel), foi contemplado com uma bolsa na modalidade de a\u00e7\u00e3o afirmativa pela Pr\u00f3-Reitoria de Ensino (PRE) da institui\u00e7\u00e3o. A concess\u00e3o ocorreu no \u00e2mbito do Programa de Monitoria da UFPel, por meio do Edital <a href=\"https:\/\/wp.ufpel.edu.br\/pre\/files\/2026\/03\/SEI_3691774_Edital_07_2026.pdf\">NUPROP 07\/2026<\/a>.<\/p>\n<p class=\"font-claude-response-body break-words whitespace-normal leading-[1.7]\" style=\"text-align: justify;\">Para compor a equipe de monitoria no primeiro semestre letivo de 2026, o professor aproveitou o resultado da chamada p\u00fablica realizada anteriormente pelo curso. Foi selecionada a estudante <em><strong>Lyvia Righi Machado<\/strong><\/em>, do terceiro semestre de Com\u00e9rcio Exterior, que havia sido classificada como suplente no Perfil 02, voltado a ensino e extens\u00e3o em Ci\u00eancia Pol\u00edtica. Como monitora, ela ficar\u00e1 respons\u00e1vel pelo desenvolvimento de um jogo did\u00e1tico sobre separa\u00e7\u00e3o de poderes, pela produ\u00e7\u00e3o de relat\u00f3rios e pela elabora\u00e7\u00e3o de um resumo expandido.<\/p>\n","protected":false},"excerpt":{"rendered":"<p>O professor Daniel Lena Marchiori Neto, coordenador do Curso de Com\u00e9rcio Exterior da Universidade Federal de Pelotas (UFPel), foi contemplado com uma bolsa na modalidade de a\u00e7\u00e3o afirmativa pela Pr\u00f3-Reitoria de Ensino (PRE) da institui\u00e7\u00e3o. A concess\u00e3o ocorreu no \u00e2mbito do Programa de Monitoria da UFPel, por meio do Edital NUPROP 07\/2026. Para compor a &hellip; <\/p>\n<p><a class=\"more-link btn\" href=\"https:\/\/wp.ufpel.edu.br\/comex\/2026\/04\/08\/professor-daniel-e-contemplado-com-bolsa-de-monitoria\/\">Continue lendo<\/a><\/p>\n","protected":false},"author":1252,"featured_media":0,"comment_status":"closed","ping_status":"closed","sticky":false,"template":"","format":"standard","meta":{"_jetpack_memberships_contains_paid_content":false,"footnotes":""},"categories":[1],"tags":[],"class_list":["post-2953","post","type-post","status-publish","format-standard","hentry","category-noticias","item-wrap"],"jetpack_featured_media_url":"","jetpack_sharing_enabled":true,"_links":{"self":[{"href":"https:\/\/wp.ufpel.edu.br\/comex\/wp-json\/wp\/v2\/posts\/2953","targetHints":{"allow":["GET"]}}],"collection":[{"href":"https:\/\/wp.ufpel.edu.br\/comex\/wp-json\/wp\/v2\/posts"}],"about":[{"href":"https:\/\/wp.ufpel.edu.br\/comex\/wp-json\/wp\/v2\/types\/post"}],"author":[{"embeddable":true,"href":"https:\/\/wp.ufpel.edu.br\/comex\/wp-json\/wp\/v2\/users\/1252"}],"replies":[{"embeddable":true,"href":"https:\/\/wp.ufpel.edu.br\/comex\/wp-json\/wp\/v2\/comments?post=2953"}],"version-history":[{"count":1,"href":"https:\/\/wp.ufpel.edu.br\/comex\/wp-json\/wp\/v2\/posts\/2953\/revisions"}],"predecessor-version":[{"id":2955,"href":"https:\/\/wp.ufpel.edu.br\/comex\/wp-json\/wp\/v2\/posts\/2953\/revisions\/2955"}],"wp:attachment":[{"href":"https:\/\/wp.ufpel.edu.br\/comex\/wp-json\/wp\/v2\/media?parent=2953"}],"wp:term":[{"taxonomy":"category","embeddable":true,"href":"https:\/\/wp.ufpel.edu.br\/comex\/wp-json\/wp\/v2\/categories?post=2953"},{"taxonomy":"post_tag","embeddable":true,"href":"https:\/\/wp.ufpel.edu.br\/comex\/wp-json\/wp\/v2\/tags?post=2953"}],"curies":[{"name":"wp","href":"https:\/\/api.w.org\/{rel}","templated":true}]}}