{"id":2930,"date":"2026-03-25T11:08:13","date_gmt":"2026-03-25T14:08:13","guid":{"rendered":"https:\/\/wp.ufpel.edu.br\/comex\/?p=2930"},"modified":"2026-03-25T11:14:45","modified_gmt":"2026-03-25T14:14:45","slug":"acolhida-dos-calouros-do-curso-de-comercio-exterior","status":"publish","type":"post","link":"https:\/\/wp.ufpel.edu.br\/comex\/2026\/03\/25\/acolhida-dos-calouros-do-curso-de-comercio-exterior\/","title":{"rendered":"Acolhida dos calouros do Curso de Com\u00e9rcio Exterior"},"content":{"rendered":"<p style=\"font-weight: 400; text-align: justify;\">Na segunda-feira, dia 23, teve in\u00edcio o primeiro semestre letivo de 2026 com a <strong>12\u00aa Semana Integrada de Acolhida do Centro de Ci\u00eancias S\u00f3cio-Organizacionais<\/strong> da UFPel, iniciativa que re\u00fane os cinco cursos da unidade acad\u00eamica. O evento, organizado pela Dire\u00e7\u00e3o do CCSO sob responsabilidade do t\u00e9cnico-administrativo em educa\u00e7\u00e3o Sidney Daniel Batista e com apoio das Coordena\u00e7\u00f5es de Curso, abriu no Audit\u00f3rio da Reitoria com uma fala do professor Christiano Martino Otero Avila, representando a Reitoria da UFPel. Em sua interven\u00e7\u00e3o, o professor abordou o papel das Tecnologias da Informa\u00e7\u00e3o e Comunica\u00e7\u00e3o no ensino superior, os desafios colocados pela expans\u00e3o do ensino a dist\u00e2ncia e, em especial, as implica\u00e7\u00f5es do uso da intelig\u00eancia artificial na universidade, chamando a aten\u00e7\u00e3o dos calouros para a necessidade de utiliz\u00e1-la com responsabilidade e senso cr\u00edtico.<\/p>\n<p style=\"font-weight: 400; text-align: justify;\"><img loading=\"lazy\" decoding=\"async\" class=\"size-medium wp-image-2932 alignleft\" src=\"https:\/\/wp.ufpel.edu.br\/comex\/files\/2026\/03\/WhatsApp-Image-2026-03-23-at-21.59.48-400x300.jpeg\" alt=\"\" width=\"400\" height=\"300\" srcset=\"https:\/\/wp.ufpel.edu.br\/comex\/files\/2026\/03\/WhatsApp-Image-2026-03-23-at-21.59.48-400x300.jpeg 400w, https:\/\/wp.ufpel.edu.br\/comex\/files\/2026\/03\/WhatsApp-Image-2026-03-23-at-21.59.48-1024x768.jpeg 1024w, https:\/\/wp.ufpel.edu.br\/comex\/files\/2026\/03\/WhatsApp-Image-2026-03-23-at-21.59.48-768x576.jpeg 768w, https:\/\/wp.ufpel.edu.br\/comex\/files\/2026\/03\/WhatsApp-Image-2026-03-23-at-21.59.48-1536x1152.jpeg 1536w, https:\/\/wp.ufpel.edu.br\/comex\/files\/2026\/03\/WhatsApp-Image-2026-03-23-at-21.59.48-756x567.jpeg 756w, https:\/\/wp.ufpel.edu.br\/comex\/files\/2026\/03\/WhatsApp-Image-2026-03-23-at-21.59.48.jpeg 1600w\" sizes=\"auto, (max-width: 400px) 100vw, 400px\" \/>Na sequ\u00eancia, a t\u00e9cnica-administrativa Raquel Silveira Rita Dias, Coordenadora de Diversidade e G\u00eanero da Pr\u00f3-Reitoria de A\u00e7\u00f5es Afirmativas e Equidade, destacou as a\u00e7\u00f5es desenvolvidas pela Pr\u00f3-Reitoria e refor\u00e7ou a import\u00e2ncia da pol\u00edtica institucional de combate \u00e0s viol\u00eancias e do acolhimento como valor central da vida universit\u00e1ria. A diretora do CCSO, professora Isabel Rasia, apresentou a estrutura e a organiza\u00e7\u00e3o da unidade, com \u00eanfase nos direitos e deveres dos estudantes. Tamb\u00e9m participaram desta primeira etapa integrantes da EMADJr, empresa j\u00fanior do Curso de Administra\u00e7\u00e3o, que apresentaram suas atividades aos rec\u00e9m-chegados.<\/p>\n<p style=\"font-weight: 400; text-align: justify;\">Ap\u00f3s o coffee-break, os calouros se deslocaram \u00e0 Sala 415, onde o coordenador do Curso de Com\u00e9rcio Exterior, professor Daniel Marchiori, recebeu os novos estudantes e conduziu uma apresenta\u00e7\u00e3o sobre o hist\u00f3rico do curso, o projeto pedag\u00f3gico, a organiza\u00e7\u00e3o curricular e o funcionamento da secretaria acad\u00eamica e da coordena\u00e7\u00e3o. O professor destacou que o curso, ainda jovem, obteve nota m\u00e1xima na avalia\u00e7\u00e3o do INEP\/MEC, resultado do esfor\u00e7o coletivo de professores, t\u00e9cnicos e alunos ao longo de sua trajet\u00f3ria. A ocasi\u00e3o tamb\u00e9m serviu para orientar os estudantes sobre os principais mecanismos de participa\u00e7\u00e3o acad\u00eamica e os canais de apoio dispon\u00edveis na universidade.<\/p>\n<p style=\"font-weight: 400; text-align: justify;\">A programa\u00e7\u00e3o da 12\u00aa Semana Integrada de Acolhida seguiu nos dias 24 e 25 de mar\u00e7o, com palestras da Coordena\u00e7\u00e3o de Registros Acad\u00eamicos e da Pr\u00f3-Reitoria de Assuntos Estudantis, al\u00e9m de oficina na Biblioteca do Campus Porto, completando uma semana dedicada a integrar os novos estudantes \u00e0 vida universit\u00e1ria e \u00e0 cultura institucional da UFPel.<\/p>\n<p style=\"font-weight: 400; text-align: justify;\">\n","protected":false},"excerpt":{"rendered":"<p>Na segunda-feira, dia 23, teve in\u00edcio o primeiro semestre letivo de 2026 com a 12\u00aa Semana Integrada de Acolhida do Centro de Ci\u00eancias S\u00f3cio-Organizacionais da UFPel, iniciativa que re\u00fane os cinco cursos da unidade acad\u00eamica. O evento, organizado pela Dire\u00e7\u00e3o do CCSO sob responsabilidade do t\u00e9cnico-administrativo em educa\u00e7\u00e3o Sidney Daniel Batista e com apoio das &hellip; <\/p>\n<p><a class=\"more-link btn\" href=\"https:\/\/wp.ufpel.edu.br\/comex\/2026\/03\/25\/acolhida-dos-calouros-do-curso-de-comercio-exterior\/\">Continue lendo<\/a><\/p>\n","protected":false},"author":1252,"featured_media":0,"comment_status":"closed","ping_status":"closed","sticky":false,"template":"","format":"standard","meta":{"_jetpack_memberships_contains_paid_content":false,"footnotes":""},"categories":[1],"tags":[],"class_list":["post-2930","post","type-post","status-publish","format-standard","hentry","category-noticias","item-wrap"],"jetpack_featured_media_url":"","jetpack_sharing_enabled":true,"_links":{"self":[{"href":"https:\/\/wp.ufpel.edu.br\/comex\/wp-json\/wp\/v2\/posts\/2930","targetHints":{"allow":["GET"]}}],"collection":[{"href":"https:\/\/wp.ufpel.edu.br\/comex\/wp-json\/wp\/v2\/posts"}],"about":[{"href":"https:\/\/wp.ufpel.edu.br\/comex\/wp-json\/wp\/v2\/types\/post"}],"author":[{"embeddable":true,"href":"https:\/\/wp.ufpel.edu.br\/comex\/wp-json\/wp\/v2\/users\/1252"}],"replies":[{"embeddable":true,"href":"https:\/\/wp.ufpel.edu.br\/comex\/wp-json\/wp\/v2\/comments?post=2930"}],"version-history":[{"count":2,"href":"https:\/\/wp.ufpel.edu.br\/comex\/wp-json\/wp\/v2\/posts\/2930\/revisions"}],"predecessor-version":[{"id":2934,"href":"https:\/\/wp.ufpel.edu.br\/comex\/wp-json\/wp\/v2\/posts\/2930\/revisions\/2934"}],"wp:attachment":[{"href":"https:\/\/wp.ufpel.edu.br\/comex\/wp-json\/wp\/v2\/media?parent=2930"}],"wp:term":[{"taxonomy":"category","embeddable":true,"href":"https:\/\/wp.ufpel.edu.br\/comex\/wp-json\/wp\/v2\/categories?post=2930"},{"taxonomy":"post_tag","embeddable":true,"href":"https:\/\/wp.ufpel.edu.br\/comex\/wp-json\/wp\/v2\/tags?post=2930"}],"curies":[{"name":"wp","href":"https:\/\/api.w.org\/{rel}","templated":true}]}}