{"id":2923,"date":"2026-03-17T13:38:06","date_gmt":"2026-03-17T16:38:06","guid":{"rendered":"https:\/\/wp.ufpel.edu.br\/comex\/?p=2923"},"modified":"2026-03-17T14:04:03","modified_gmt":"2026-03-17T17:04:03","slug":"inscricoes-abertas-para-acao-de-extensao-mostra-de-cursos-2026","status":"publish","type":"post","link":"https:\/\/wp.ufpel.edu.br\/comex\/2026\/03\/17\/inscricoes-abertas-para-acao-de-extensao-mostra-de-cursos-2026\/","title":{"rendered":"Inscri\u00e7\u00f5es Abertas para A\u00e7\u00e3o de Extens\u00e3o \u2013 Mostra de Cursos 2026"},"content":{"rendered":"<p style=\"font-weight: 400; text-align: justify;\">A Coordena\u00e7\u00e3o do Curso de Com\u00e9rcio Exterior convida os estudantes a participarem de uma a\u00e7\u00e3o de extens\u00e3o voltada \u00e0 prepara\u00e7\u00e3o e \u00e0 execu\u00e7\u00e3o da <strong>programa\u00e7\u00e3o do curso na Mostra de Cursos 2026 da Universidade Federal de Pelotas (UFPel)<\/strong>. O evento acontecer\u00e1 no dia <strong>13 de maio de 2026 (quarta-feira)<\/strong>, durante os per\u00edodos da manh\u00e3 e da tarde. O local ser\u00e1 divulgado em breve.<\/p>\n<p style=\"font-weight: 400; text-align: justify;\">A a\u00e7\u00e3o \u00e9 coordenada pelo <strong>Prof. Dr. Daniel Lena Marchiori Neto<\/strong>, Coordenador do Curso de Com\u00e9rcio Exterior, no \u00e2mbito do projeto de extens\u00e3o intitulado <strong>&#8220;Comunica\u00e7\u00e3o organizacional e p\u00fablica para o Curso de Com\u00e9rcio Exterior&#8221;<\/strong>. O projeto tem como objetivo mobilizar os alunos para representar o curso com qualidade e criatividade, desenvolvendo compet\u00eancias pr\u00e1ticas em comunica\u00e7\u00e3o, design e rela\u00e7\u00f5es p\u00fablicas.<\/p>\n<h2 style=\"text-align: justify;\"><span style=\"font-size: 14pt;\">Sobre a A\u00e7\u00e3o de Extens\u00e3o<\/span><\/h2>\n<p style=\"font-weight: 400; text-align: justify;\">A participa\u00e7\u00e3o envolve o envolvimento ativo nas etapas de planejamento e execu\u00e7\u00e3o da presen\u00e7a do curso na Mostra. Entre as atividades previstas est\u00e3o:<\/p>\n<ul style=\"text-align: justify;\">\n<li>Participa\u00e7\u00e3o em reuni\u00f5es de organiza\u00e7\u00e3o e distribui\u00e7\u00e3o de tarefas;<\/li>\n<li>Cria\u00e7\u00e3o de banner e folder institucionais do curso;<\/li>\n<li>Desenvolvimento de um quiz interativo para engajar os visitantes no estande do curso;<\/li>\n<li>Reda\u00e7\u00e3o de textos e conte\u00fados informativos sobre o curso, o mercado de trabalho e as \u00e1reas de atua\u00e7\u00e3o do profissional de Com\u00e9rcio Exterior;<\/li>\n<li>Cria\u00e7\u00e3o de pe\u00e7as para divulga\u00e7\u00e3o nas redes sociais do curso;<\/li>\n<li>Atendimento ao p\u00fablico durante o evento, apresentando o curso a estudantes do Ensino M\u00e9dio e visitantes.<\/li>\n<\/ul>\n<p style=\"font-weight: 400; text-align: justify;\"><em><br \/>\nAs atividades integram compet\u00eancias de comunica\u00e7\u00e3o institucional, design gr\u00e1fico, marketing educacional e rela\u00e7\u00f5es p\u00fablicas, proporcionando uma experi\u00eancia pr\u00e1tica alinhada ao perfil profissional do egresso em Com\u00e9rcio Exterior.<\/em><\/p>\n<h2 style=\"text-align: justify;\"><span style=\"font-size: 14pt;\">Carga Hor\u00e1ria<\/span><\/h2>\n<p style=\"font-weight: 400; text-align: justify;\">A a\u00e7\u00e3o pode computar <strong>at\u00e9 90 horas de extens\u00e3o<\/strong>, a depender do n\u00edvel de envolvimento e da participa\u00e7\u00e3o do estudante nas diferentes etapas das atividades.<\/p>\n<h2 style=\"text-align: justify;\"><span style=\"font-size: 14pt;\">Local do Evento<\/span><\/h2>\n<p style=\"font-weight: 400; text-align: justify;\">O local da Mostra de Cursos 2026 ainda ser\u00e1 definido e divulgado pela organiza\u00e7\u00e3o do evento. Fique atento \u00e0s pr\u00f3ximas comunica\u00e7\u00f5es da Coordena\u00e7\u00e3o do Curso.<\/p>\n<h2 style=\"text-align: justify;\"><span style=\"font-size: 14pt;\">Como se Inscrever<\/span><\/h2>\n<p style=\"font-weight: 400; text-align: justify;\">Os interessados devem preencher o formul\u00e1rio online at\u00e9 o dia <strong>31 de mar\u00e7o de 2026 (ter\u00e7a-feira), \u00e0s 23h59min<\/strong>: <a href=\"https:\/\/forms.gle\/qLHyEAS1FnRDASYy6\">https:\/\/forms.gle\/qLHyEAS1FnRDASYy6<\/a>.<\/p>\n<p style=\"font-weight: 400; text-align: justify;\"><em>N\u00e3o perca essa oportunidade de contribuir com a divulga\u00e7\u00e3o do seu curso, desenvolver habilidades pr\u00e1ticas em comunica\u00e7\u00e3o e acumular horas de extens\u00e3o!<\/em><\/p>\n","protected":false},"excerpt":{"rendered":"<p>A Coordena\u00e7\u00e3o do Curso de Com\u00e9rcio Exterior convida os estudantes a participarem de uma a\u00e7\u00e3o de extens\u00e3o voltada \u00e0 prepara\u00e7\u00e3o e \u00e0 execu\u00e7\u00e3o da programa\u00e7\u00e3o do curso na Mostra de Cursos 2026 da Universidade Federal de Pelotas (UFPel). O evento acontecer\u00e1 no dia 13 de maio de 2026 (quarta-feira), durante os per\u00edodos da manh\u00e3 e &hellip; <\/p>\n<p><a class=\"more-link btn\" href=\"https:\/\/wp.ufpel.edu.br\/comex\/2026\/03\/17\/inscricoes-abertas-para-acao-de-extensao-mostra-de-cursos-2026\/\">Continue lendo<\/a><\/p>\n","protected":false},"author":1252,"featured_media":0,"comment_status":"closed","ping_status":"closed","sticky":false,"template":"","format":"standard","meta":{"_jetpack_memberships_contains_paid_content":false,"footnotes":""},"categories":[1],"tags":[],"class_list":["post-2923","post","type-post","status-publish","format-standard","hentry","category-noticias","item-wrap"],"jetpack_featured_media_url":"","jetpack_sharing_enabled":true,"_links":{"self":[{"href":"https:\/\/wp.ufpel.edu.br\/comex\/wp-json\/wp\/v2\/posts\/2923","targetHints":{"allow":["GET"]}}],"collection":[{"href":"https:\/\/wp.ufpel.edu.br\/comex\/wp-json\/wp\/v2\/posts"}],"about":[{"href":"https:\/\/wp.ufpel.edu.br\/comex\/wp-json\/wp\/v2\/types\/post"}],"author":[{"embeddable":true,"href":"https:\/\/wp.ufpel.edu.br\/comex\/wp-json\/wp\/v2\/users\/1252"}],"replies":[{"embeddable":true,"href":"https:\/\/wp.ufpel.edu.br\/comex\/wp-json\/wp\/v2\/comments?post=2923"}],"version-history":[{"count":3,"href":"https:\/\/wp.ufpel.edu.br\/comex\/wp-json\/wp\/v2\/posts\/2923\/revisions"}],"predecessor-version":[{"id":2929,"href":"https:\/\/wp.ufpel.edu.br\/comex\/wp-json\/wp\/v2\/posts\/2923\/revisions\/2929"}],"wp:attachment":[{"href":"https:\/\/wp.ufpel.edu.br\/comex\/wp-json\/wp\/v2\/media?parent=2923"}],"wp:term":[{"taxonomy":"category","embeddable":true,"href":"https:\/\/wp.ufpel.edu.br\/comex\/wp-json\/wp\/v2\/categories?post=2923"},{"taxonomy":"post_tag","embeddable":true,"href":"https:\/\/wp.ufpel.edu.br\/comex\/wp-json\/wp\/v2\/tags?post=2923"}],"curies":[{"name":"wp","href":"https:\/\/api.w.org\/{rel}","templated":true}]}}