{"id":2259,"date":"2025-04-29T10:29:23","date_gmt":"2025-04-29T13:29:23","guid":{"rendered":"https:\/\/wp.ufpel.edu.br\/comex\/?p=2259"},"modified":"2025-04-29T17:51:14","modified_gmt":"2025-04-29T20:51:14","slug":"comunicado-08-2025-visita-tecnica-ao-tecon-lista-de-passageiros-e-orientacoes-obrigatorias","status":"publish","type":"post","link":"https:\/\/wp.ufpel.edu.br\/comex\/2025\/04\/29\/comunicado-08-2025-visita-tecnica-ao-tecon-lista-de-passageiros-e-orientacoes-obrigatorias\/","title":{"rendered":"Comunicado 08\/2025 &#8211; Visita T\u00e9cnica ao TECON (Lista de passageiros e orienta\u00e7\u00f5es obrigat\u00f3rias)"},"content":{"rendered":"<p class=\"ds-markdown-paragraph\" style=\"text-align: justify;\">A <strong>Coordena\u00e7\u00e3o do Curso<\/strong> divulga a rela\u00e7\u00e3o dos(as) alunos(as) selecionados(as) para a visita t\u00e9cnica ao <strong>TECON<\/strong>, a ser realizada em <strong>03\/05\/2025 (s\u00e1bado)<\/strong>. Abaixo, seguem as informa\u00e7\u00f5es essenciais para a participa\u00e7\u00e3o:<\/p>\n<p class=\"ds-markdown-paragraph\" style=\"text-align: justify;\"><strong>1. DOCUMENTA\u00c7\u00c3O OBRIGAT\u00d3RIA<\/strong><\/p>\n<p class=\"ds-markdown-paragraph\" style=\"text-align: justify;\">Por se tratar de \u00e1rea alfandegada, <strong>todos os participantes devem preencher o formul\u00e1rio eletr\u00f4nico <\/strong>at\u00e9 <strong>30\/04\/2025 (quarta-feira)<\/strong>, conforme link abaixo:<br \/>\n<a href=\"https:\/\/app.smartsheet.com\/b\/form\/843d1cb8823b4cae814493c49466e7af\" target=\"_blank\" rel=\"noopener noreferrer\">https:\/\/app.smartsheet.com\/b\/form\/843d1cb8823b4cae814493c49466e7af<\/a><\/p>\n<p class=\"ds-markdown-paragraph\" style=\"text-align: justify;\">\u26a0\ufe0f <strong>Aten\u00e7\u00e3o<\/strong>: O n\u00e3o preenchimento do formul\u00e1rio dentro do prazo <strong>impedir\u00e1 o acesso ao terminal<\/strong>.<\/p>\n<p style=\"text-align: justify;\"><strong>Dicas<\/strong>: data de Acesso \u00e9 o dia da visita\u00e7\u00e3o (03\/05\/2025); Institui\u00e7\u00e3o\/Empresa \u00e9 Universidade Federal de Pelotas; importante selecionar a op\u00e7\u00e3o &#8220;Envie-me uma c\u00f3pia de minhas respostas&#8221; para garantia de envio correto do formul\u00e1rio.<\/p>\n<p class=\"ds-markdown-paragraph\" style=\"text-align: justify;\"><strong>2. NORMAS DE SEGURAN\u00c7A E CONDUTA<\/strong><\/p>\n<ul style=\"text-align: justify;\">\n<li>\n<p class=\"ds-markdown-paragraph\"><strong>Vestu\u00e1rio<\/strong>: Obrigat\u00f3rio o uso de <strong>cal\u00e7a comprida<\/strong> e <strong>sapato fechado<\/strong>.<\/p>\n<\/li>\n<li>\n<p class=\"ds-markdown-paragraph\"><strong>Restri\u00e7\u00f5es<\/strong>: \u00e9 proibido consumo de <strong>bebidas alco\u00f3licas<\/strong> ou <strong>subst\u00e2ncias<\/strong> <strong>qu\u00edmicas<\/strong>, bem como a <strong>utiliza\u00e7\u00e3o de celulares<\/strong> durante a visita.<\/p>\n<\/li>\n<\/ul>\n<p class=\"ds-markdown-paragraph\" style=\"text-align: justify;\"><strong>3. ITINER\u00c1RIO E TRANSPORTE<\/strong><\/p>\n<p class=\"ds-markdown-paragraph\" style=\"text-align: justify;\"><strong>Sa\u00edda<\/strong>: \u00d4nibus da universidade sair\u00e1 pontualmente \u00e0s <strong>06:30h<\/strong> do <strong>Mercado P\u00fablico de Pelotas<\/strong>.<\/p>\n<p class=\"ds-markdown-paragraph\" style=\"text-align: justify;\"><strong>Retorno<\/strong>: Previs\u00e3o de chegada ao mesmo local at\u00e9 <strong>14:00h<\/strong>.<\/p>\n<p class=\"ds-markdown-paragraph\" style=\"text-align: justify;\"><strong>4. LISTA DE PARTICIPANTES<\/strong><\/p>\n<p style=\"font-weight: 400; text-align: justify;\">ANA CAROLINA DOS SANTOS BARTNIK<br \/>\nANA PAULA DOS SANTOS DELGADO<br \/>\nANDRE RODRIGUES PINHEIRO<br \/>\nBERNARDO DA SILVA QUINEPER<br \/>\nBIANCA JESKE LOPER<br \/>\nBRENA SOUSA PADILHA<br \/>\nBRUNA BELLEIA CAVALHEIRO<br \/>\nBRUNA MOLINAR<br \/>\nCARLOS EDUARDO DONATTI<br \/>\nDANIEL LENA MARCHIORI NETO<br \/>\nDIOGO BENTO DA FONSECA<br \/>\nEDUARDO MARTINS DE SOUZA<br \/>\nFILLIPE DE OLIVEIRA MARRERO<br \/>\nFRANCIELE CARDOSO PADILHA<br \/>\nINGRID GARCIA SILVEIRA<br \/>\nISADORA CAROLINE BARBOSA<br \/>\nIZADORA BARTELS OLIVEIRA<br \/>\nJO\u00c3O PEDRO PEREIRA DE CAMARGO<br \/>\nJO\u00c3O VITOR PADILHA BAPTISTA<br \/>\nLUCIO OMAR FERREIRA DA SILVA JUNIOR<br \/>\nMANUELA NUNES E SILVA<br \/>\nMARIA EDUARDA GUEDES SANTOS<br \/>\nM\u00d4NICA COSTA MALAGUEZ<br \/>\nMURILO ESCOBAR VARGAS<br \/>\nNURIAN ALVES NUNES<br \/>\nOLIMPIO LIMA BORGES FILHO<br \/>\nPABLO RUTZ DA SILVA<br \/>\nPAULA GEORDANA HAHN<br \/>\nRAFAELLA NAIARA SENA DA SILVA<br \/>\nRAPHAELA LEITE DA SILVA<br \/>\nREBECA NOGUEIRA PACHECO<br \/>\nRENAN ANTUNES<br \/>\nRENAN MARQUES AZEVEDO DA MATA<br \/>\nRICHARD SERGIO DE LOS SANTOS PERA\u00c7A<br \/>\nROBERTA BERTOLDI DE SOUZA<br \/>\nSOFHIA ALLANY OCHOA BRATKOSKI<br \/>\nSOFIA MACEDO PADILHA<br \/>\nTHIAGO BOTELHO BORBA<br \/>\nVIT\u00d3RIA JESKE FERNANDES<br \/>\nWILLIAM RODRIGUES EIFLER<\/p>\n","protected":false},"excerpt":{"rendered":"<p>A Coordena\u00e7\u00e3o do Curso divulga a rela\u00e7\u00e3o dos(as) alunos(as) selecionados(as) para a visita t\u00e9cnica ao TECON, a ser realizada em 03\/05\/2025 (s\u00e1bado). Abaixo, seguem as informa\u00e7\u00f5es essenciais para a participa\u00e7\u00e3o: 1. DOCUMENTA\u00c7\u00c3O OBRIGAT\u00d3RIA Por se tratar de \u00e1rea alfandegada, todos os participantes devem preencher o formul\u00e1rio eletr\u00f4nico at\u00e9 30\/04\/2025 (quarta-feira), conforme link abaixo: https:\/\/app.smartsheet.com\/b\/form\/843d1cb8823b4cae814493c49466e7af \u26a0\ufe0f &hellip; <\/p>\n<p><a class=\"more-link btn\" href=\"https:\/\/wp.ufpel.edu.br\/comex\/2025\/04\/29\/comunicado-08-2025-visita-tecnica-ao-tecon-lista-de-passageiros-e-orientacoes-obrigatorias\/\">Continue lendo<\/a><\/p>\n","protected":false},"author":1252,"featured_media":0,"comment_status":"closed","ping_status":"closed","sticky":false,"template":"","format":"standard","meta":{"_jetpack_memberships_contains_paid_content":false,"footnotes":""},"categories":[7],"tags":[],"class_list":["post-2259","post","type-post","status-publish","format-standard","hentry","category-informes-da-coordenacao","item-wrap"],"jetpack_featured_media_url":"","jetpack_sharing_enabled":true,"_links":{"self":[{"href":"https:\/\/wp.ufpel.edu.br\/comex\/wp-json\/wp\/v2\/posts\/2259","targetHints":{"allow":["GET"]}}],"collection":[{"href":"https:\/\/wp.ufpel.edu.br\/comex\/wp-json\/wp\/v2\/posts"}],"about":[{"href":"https:\/\/wp.ufpel.edu.br\/comex\/wp-json\/wp\/v2\/types\/post"}],"author":[{"embeddable":true,"href":"https:\/\/wp.ufpel.edu.br\/comex\/wp-json\/wp\/v2\/users\/1252"}],"replies":[{"embeddable":true,"href":"https:\/\/wp.ufpel.edu.br\/comex\/wp-json\/wp\/v2\/comments?post=2259"}],"version-history":[{"count":4,"href":"https:\/\/wp.ufpel.edu.br\/comex\/wp-json\/wp\/v2\/posts\/2259\/revisions"}],"predecessor-version":[{"id":2264,"href":"https:\/\/wp.ufpel.edu.br\/comex\/wp-json\/wp\/v2\/posts\/2259\/revisions\/2264"}],"wp:attachment":[{"href":"https:\/\/wp.ufpel.edu.br\/comex\/wp-json\/wp\/v2\/media?parent=2259"}],"wp:term":[{"taxonomy":"category","embeddable":true,"href":"https:\/\/wp.ufpel.edu.br\/comex\/wp-json\/wp\/v2\/categories?post=2259"},{"taxonomy":"post_tag","embeddable":true,"href":"https:\/\/wp.ufpel.edu.br\/comex\/wp-json\/wp\/v2\/tags?post=2259"}],"curies":[{"name":"wp","href":"https:\/\/api.w.org\/{rel}","templated":true}]}}