{"id":1908,"date":"2024-08-15T12:08:35","date_gmt":"2024-08-15T15:08:35","guid":{"rendered":"https:\/\/wp.ufpel.edu.br\/comex\/?p=1908"},"modified":"2024-08-15T12:09:12","modified_gmt":"2024-08-15T15:09:12","slug":"proclamacao-dos-resultados-editais-02-e-03","status":"publish","type":"post","link":"https:\/\/wp.ufpel.edu.br\/comex\/2024\/08\/15\/proclamacao-dos-resultados-editais-02-e-03\/","title":{"rendered":"Proclama\u00e7\u00e3o dos Resultados &#8211; Editais 02 e 03"},"content":{"rendered":"<p class=\"Texto_Justificado_Recuo_Primeira_Linha\">A Comiss\u00e3o Eleitoral institu\u00edda pela \u00a0Portaria Interna 03\/2024 do Colegiado do Curso de Com\u00e9rcio Exterior, proclama eleitas, nos termos\u00a0do par\u00e1grafo \u00fanico do art. 1<sup>o<\/sup>\u00a0do Edital COMEX\u00a002\/2024, \u00a0as seguintes candidaturas:<\/p>\n<p class=\"Texto_Justificado_Recuo_Primeira_Linha\"><strong>Representa\u00e7\u00e3o Docente:<\/strong><\/p>\n<p class=\"Texto_Justificado_Recuo_Primeira_Linha\">Isabel Teresinha Dutra Soares (titular), Patr\u00edcia Schneider Severo (suplente)<\/p>\n<p class=\"Texto_Justificado_Recuo_Primeira_Linha\">Larissa Ferreira Tavares (titular), Luciano Vaz Ferreira (suplente)<\/p>\n<p class=\"Texto_Justificado_Recuo_Primeira_Linha\"><strong>Representa\u00e7\u00e3o Discente:<\/strong><\/p>\n<p class=\"Texto_Justificado_Recuo_Primeira_Linha\">Pedro Henrique Gomes Monteiro\u00a0(titular),\u00a0Stefanie Monteiro Barty (suplente).<\/p>\n<hr \/>\n<p class=\"Texto_Justificado_Recuo_Primeira_Linha\">\nA Comiss\u00e3o Eleitoral institu\u00edda pela \u00a0Portaria Interna 04\/2024 do Colegiado do Curso de Com\u00e9rcio Exterior, proclama eleitas, nos termos\u00a0do par\u00e1grafo \u00fanico do art. 1<sup>o<\/sup>\u00a0do Edital COMEX\u00a003\/2024, \u00a0as seguintes candidaturas:<\/p>\n<p class=\"Texto_Justificado_Recuo_Primeira_Linha\">Isabel Teresinha Dutra Soares<\/p>\n<p class=\"Texto_Justificado_Recuo_Primeira_Linha\">Patr\u00edcia Schneider Severo<\/p>\n<p class=\"Texto_Justificado_Recuo_Primeira_Linha\">Larissa Ferreira Tavares<\/p>\n<p class=\"Texto_Justificado_Recuo_Primeira_Linha\">Luciano Vaz Ferreira<\/p>\n","protected":false},"excerpt":{"rendered":"<p>A Comiss\u00e3o Eleitoral institu\u00edda pela \u00a0Portaria Interna 03\/2024 do Colegiado do Curso de Com\u00e9rcio Exterior, proclama eleitas, nos termos\u00a0do par\u00e1grafo \u00fanico do art. 1o\u00a0do Edital COMEX\u00a002\/2024, \u00a0as seguintes candidaturas: Representa\u00e7\u00e3o Docente: Isabel Teresinha Dutra Soares (titular), Patr\u00edcia Schneider Severo (suplente) Larissa Ferreira Tavares (titular), Luciano Vaz Ferreira (suplente) Representa\u00e7\u00e3o Discente: Pedro Henrique Gomes Monteiro\u00a0(titular),\u00a0Stefanie Monteiro &hellip; <\/p>\n<p><a class=\"more-link btn\" href=\"https:\/\/wp.ufpel.edu.br\/comex\/2024\/08\/15\/proclamacao-dos-resultados-editais-02-e-03\/\">Continue lendo<\/a><\/p>\n","protected":false},"author":1252,"featured_media":0,"comment_status":"closed","ping_status":"closed","sticky":false,"template":"","format":"standard","meta":{"_jetpack_memberships_contains_paid_content":false,"footnotes":""},"categories":[1],"tags":[],"class_list":["post-1908","post","type-post","status-publish","format-standard","hentry","category-noticias","item-wrap"],"jetpack_featured_media_url":"","jetpack_sharing_enabled":true,"_links":{"self":[{"href":"https:\/\/wp.ufpel.edu.br\/comex\/wp-json\/wp\/v2\/posts\/1908","targetHints":{"allow":["GET"]}}],"collection":[{"href":"https:\/\/wp.ufpel.edu.br\/comex\/wp-json\/wp\/v2\/posts"}],"about":[{"href":"https:\/\/wp.ufpel.edu.br\/comex\/wp-json\/wp\/v2\/types\/post"}],"author":[{"embeddable":true,"href":"https:\/\/wp.ufpel.edu.br\/comex\/wp-json\/wp\/v2\/users\/1252"}],"replies":[{"embeddable":true,"href":"https:\/\/wp.ufpel.edu.br\/comex\/wp-json\/wp\/v2\/comments?post=1908"}],"version-history":[{"count":3,"href":"https:\/\/wp.ufpel.edu.br\/comex\/wp-json\/wp\/v2\/posts\/1908\/revisions"}],"predecessor-version":[{"id":1912,"href":"https:\/\/wp.ufpel.edu.br\/comex\/wp-json\/wp\/v2\/posts\/1908\/revisions\/1912"}],"wp:attachment":[{"href":"https:\/\/wp.ufpel.edu.br\/comex\/wp-json\/wp\/v2\/media?parent=1908"}],"wp:term":[{"taxonomy":"category","embeddable":true,"href":"https:\/\/wp.ufpel.edu.br\/comex\/wp-json\/wp\/v2\/categories?post=1908"},{"taxonomy":"post_tag","embeddable":true,"href":"https:\/\/wp.ufpel.edu.br\/comex\/wp-json\/wp\/v2\/tags?post=1908"}],"curies":[{"name":"wp","href":"https:\/\/api.w.org\/{rel}","templated":true}]}}