{"id":1803,"date":"2024-04-25T12:53:53","date_gmt":"2024-04-25T15:53:53","guid":{"rendered":"https:\/\/wp.ufpel.edu.br\/comex\/?p=1803"},"modified":"2024-04-27T09:09:05","modified_gmt":"2024-04-27T12:09:05","slug":"projeto-comex-talk-promove-palestra-sobre-capitalismo-de-plataforma","status":"publish","type":"post","link":"https:\/\/wp.ufpel.edu.br\/comex\/2024\/04\/25\/projeto-comex-talk-promove-palestra-sobre-capitalismo-de-plataforma\/","title":{"rendered":"Projeto COMEX TALK promove palestra sobre capitalismo de plataforma"},"content":{"rendered":"<p style=\"font-weight: 400; text-align: justify;\">O Programa de P\u00f3s-Gradua\u00e7\u00e3o em Direito da Universidade Federal de Pelotas (UFPel), em colabora\u00e7\u00e3o com o COMEXLab \u2013 Laborat\u00f3rio de Estudos e Pr\u00e1ticas em Com\u00e9rcio Exterior da UFPel, tem o prazer de convidar todos os interessados para a palestra intitulada <strong><em>Framing the Hustle: Platform Capitalism and the Marketing of Gig Work<\/em><\/strong>, que ser\u00e1 proferida, em ingl\u00eas, pela professora <strong>Lauren Alfrey<\/strong>, da <strong>Universidade de Portland<\/strong>.<\/p>\n<p style=\"font-weight: 400; text-align: justify;\">Durante este evento, a Dra. Alfrey trar\u00e1 \u00e0 discuss\u00e3o a economia pol\u00edtica da ra\u00e7a, classe e g\u00eanero, explorando os aspectos explorat\u00f3rios do trabalho uberizado. Ao utilizar exemplos das campanhas de marketing da Uber e DoorDash, Alfrey contextualizar\u00e1 o trabalho freelancer dentro do amplo cen\u00e1rio do capitalismo de plataforma, e discutir\u00e1 como essas plataformas empregam discursos de ag\u00eancia e empoderamento como uma fachada para uma inclus\u00e3o predat\u00f3ria.<\/p>\n<p style=\"font-weight: 400; text-align: justify;\">A palestrante \u00e9 Professora Associada de Sociologia na Universidade de Portland, onde leciona cursos sobre ra\u00e7a e racismo, mulheres e trabalho, tecnologia e sociedade, al\u00e9m de sociologia da fam\u00edlia. Sua pesquisa abrange as ideologias raciais e de g\u00eanero no design e uso de novas tecnologias. Ela tamb\u00e9m investigou os impactos da sub-representa\u00e7\u00e3o racial e de g\u00eanero nas empresas de tecnologia do Vale do Sil\u00edcio, identificando mecanismos que minam os esfor\u00e7os de diversidade. Seu trabalho atual explora como essas desigualdades no campo tecnol\u00f3gico influenciam o design e uso de novas tecnologias, como assistentes digitais e testes gen\u00e9ticos para a ancestralidade. A Dra. Alfrey obteve seu Ph.D. em sociologia com \u00eanfase em estudos feministas na Universidade da Calif\u00f3rnia, Santa B\u00e1rbara, e completou seu mestrado, com distin\u00e7\u00e3o, em Comunica\u00e7\u00e3o, Cultura e Tecnologia na Universidade de Georgetown.<\/p>\n<p style=\"font-weight: 400; text-align: justify;\">O evento est\u00e1 marcado para o dia <strong>26 de abril<\/strong>, sexta-feira, \u00e0s <strong>16h<\/strong>, na <strong>Sala 04 da Faculdade de Direito<\/strong>. Certificados de participa\u00e7\u00e3o, com duas horas de atividade, ser\u00e3o disponibilizados para todos os presentes.<\/p>\n<p><img loading=\"lazy\" decoding=\"async\" class=\"size-medium wp-image-1805 aligncenter\" src=\"https:\/\/wp.ufpel.edu.br\/comex\/files\/2024\/04\/Framing-the-Hustle-400x400.jpeg\" alt=\"\" width=\"400\" height=\"400\" srcset=\"https:\/\/wp.ufpel.edu.br\/comex\/files\/2024\/04\/Framing-the-Hustle-400x400.jpeg 400w, https:\/\/wp.ufpel.edu.br\/comex\/files\/2024\/04\/Framing-the-Hustle-1024x1024.jpeg 1024w, https:\/\/wp.ufpel.edu.br\/comex\/files\/2024\/04\/Framing-the-Hustle-200x200.jpeg 200w, https:\/\/wp.ufpel.edu.br\/comex\/files\/2024\/04\/Framing-the-Hustle-768x768.jpeg 768w, https:\/\/wp.ufpel.edu.br\/comex\/files\/2024\/04\/Framing-the-Hustle-756x756.jpeg 756w, https:\/\/wp.ufpel.edu.br\/comex\/files\/2024\/04\/Framing-the-Hustle.jpeg 1080w\" sizes=\"auto, (max-width: 400px) 100vw, 400px\" \/><\/p>\n","protected":false},"excerpt":{"rendered":"<p>O Programa de P\u00f3s-Gradua\u00e7\u00e3o em Direito da Universidade Federal de Pelotas (UFPel), em colabora\u00e7\u00e3o com o COMEXLab \u2013 Laborat\u00f3rio de Estudos e Pr\u00e1ticas em Com\u00e9rcio Exterior da UFPel, tem o prazer de convidar todos os interessados para a palestra intitulada Framing the Hustle: Platform Capitalism and the Marketing of Gig Work, que ser\u00e1 proferida, em &hellip; <\/p>\n<p><a class=\"more-link btn\" href=\"https:\/\/wp.ufpel.edu.br\/comex\/2024\/04\/25\/projeto-comex-talk-promove-palestra-sobre-capitalismo-de-plataforma\/\">Continue lendo<\/a><\/p>\n","protected":false},"author":1252,"featured_media":0,"comment_status":"closed","ping_status":"closed","sticky":false,"template":"","format":"standard","meta":{"_jetpack_memberships_contains_paid_content":false,"footnotes":""},"categories":[5],"tags":[],"class_list":["post-1803","post","type-post","status-publish","format-standard","hentry","category-eventos","item-wrap"],"jetpack_featured_media_url":"","jetpack_sharing_enabled":true,"_links":{"self":[{"href":"https:\/\/wp.ufpel.edu.br\/comex\/wp-json\/wp\/v2\/posts\/1803","targetHints":{"allow":["GET"]}}],"collection":[{"href":"https:\/\/wp.ufpel.edu.br\/comex\/wp-json\/wp\/v2\/posts"}],"about":[{"href":"https:\/\/wp.ufpel.edu.br\/comex\/wp-json\/wp\/v2\/types\/post"}],"author":[{"embeddable":true,"href":"https:\/\/wp.ufpel.edu.br\/comex\/wp-json\/wp\/v2\/users\/1252"}],"replies":[{"embeddable":true,"href":"https:\/\/wp.ufpel.edu.br\/comex\/wp-json\/wp\/v2\/comments?post=1803"}],"version-history":[{"count":1,"href":"https:\/\/wp.ufpel.edu.br\/comex\/wp-json\/wp\/v2\/posts\/1803\/revisions"}],"predecessor-version":[{"id":1806,"href":"https:\/\/wp.ufpel.edu.br\/comex\/wp-json\/wp\/v2\/posts\/1803\/revisions\/1806"}],"wp:attachment":[{"href":"https:\/\/wp.ufpel.edu.br\/comex\/wp-json\/wp\/v2\/media?parent=1803"}],"wp:term":[{"taxonomy":"category","embeddable":true,"href":"https:\/\/wp.ufpel.edu.br\/comex\/wp-json\/wp\/v2\/categories?post=1803"},{"taxonomy":"post_tag","embeddable":true,"href":"https:\/\/wp.ufpel.edu.br\/comex\/wp-json\/wp\/v2\/tags?post=1803"}],"curies":[{"name":"wp","href":"https:\/\/api.w.org\/{rel}","templated":true}]}}