{"id":1711,"date":"2023-12-15T17:27:38","date_gmt":"2023-12-15T20:27:38","guid":{"rendered":"https:\/\/wp.ufpel.edu.br\/comex\/?p=1711"},"modified":"2024-03-14T08:48:30","modified_gmt":"2024-03-14T11:48:30","slug":"alunos-de-comercio-exterior-participam-de-visita-tecnica-na-empresa-lifemed","status":"publish","type":"post","link":"https:\/\/wp.ufpel.edu.br\/comex\/2023\/12\/15\/alunos-de-comercio-exterior-participam-de-visita-tecnica-na-empresa-lifemed\/","title":{"rendered":"Alunos de Com\u00e9rcio Exterior participam de visita t\u00e9cnica na empresa Lifemed"},"content":{"rendered":"<p style=\"text-align: justify;\">Na tarde de<strong> 08 de dezembro<\/strong>, alunos dos cursos de Com\u00e9rcio Exterior, Gest\u00e3o P\u00fablica e Processos Gerenciais participaram de uma visita t\u00e9cnica \u00e0 empresa<strong>\u00a0Lifemed<\/strong>, localizada em Pelotas (RS). A atividade integra o plano de ensino da disciplina de <em>Contabilidade Gerencial<\/em>, ministrada pela professora Patr\u00edcia Severo, e contou tamb\u00e9m com a presen\u00e7a do professor e coordenador do curso Daniel Marchiori.<\/p>\n<p style=\"text-align: justify;\">Durante a visita, os gestores de Produ\u00e7\u00e3o e Supply Chain acolheram os estudantes, apresentando a hist\u00f3ria da empresa que, ao longo de mais de quatro d\u00e9cadas, se dedica ao desenvolvimento de produtos, dispositivos e equipamentos m\u00e9dicos e hospitalares para o setor de sa\u00fade. Ap\u00f3s a exposi\u00e7\u00e3o, a equipe teve a oportunidade de explorar as instala\u00e7\u00f5es da f\u00e1brica.<\/p>\n<p style=\"text-align: justify;\">A professora Patr\u00edcia Severo, mentora da visita, destaca a relev\u00e2ncia dessa atividade pedag\u00f3gica: \u201ca visita t\u00e9cnica, como uma atividade de extens\u00e3o, teve como objetivo contribuir na forma\u00e7\u00e3o dos futuros profissionais, sendo uma oportunidade para que discentes tenham contato com a pr\u00e1tica em uma empresa em pleno funcionamento, seus problemas reais e como estes s\u00e3o solucionados\u201d.<\/p>\n<p style=\"text-align: center;\"><strong><span style=\"font-size: 10pt;\"><img loading=\"lazy\" decoding=\"async\" class=\"alignnone wp-image-1714\" src=\"https:\/\/wp.ufpel.edu.br\/comex\/files\/2023\/12\/Lifemed-1-400x300.jpeg\" alt=\"\" width=\"593\" height=\"445\" srcset=\"https:\/\/wp.ufpel.edu.br\/comex\/files\/2023\/12\/Lifemed-1-400x300.jpeg 400w, https:\/\/wp.ufpel.edu.br\/comex\/files\/2023\/12\/Lifemed-1-768x577.jpeg 768w, https:\/\/wp.ufpel.edu.br\/comex\/files\/2023\/12\/Lifemed-1-756x568.jpeg 756w, https:\/\/wp.ufpel.edu.br\/comex\/files\/2023\/12\/Lifemed-1.jpeg 1024w\" sizes=\"auto, (max-width: 593px) 100vw, 593px\" \/><br \/>\nEmbarque no Campus Anglo<\/span><\/strong><\/p>\n<p style=\"text-align: center;\"><strong><span style=\"font-size: 10pt;\"><img loading=\"lazy\" decoding=\"async\" class=\"alignnone wp-image-1715\" src=\"https:\/\/wp.ufpel.edu.br\/comex\/files\/2023\/12\/Lifemed-2-400x300.jpeg\" alt=\"\" width=\"601\" height=\"451\" srcset=\"https:\/\/wp.ufpel.edu.br\/comex\/files\/2023\/12\/Lifemed-2-400x300.jpeg 400w, https:\/\/wp.ufpel.edu.br\/comex\/files\/2023\/12\/Lifemed-2-768x576.jpeg 768w, https:\/\/wp.ufpel.edu.br\/comex\/files\/2023\/12\/Lifemed-2-756x567.jpeg 756w, https:\/\/wp.ufpel.edu.br\/comex\/files\/2023\/12\/Lifemed-2.jpeg 1024w\" sizes=\"auto, (max-width: 601px) 100vw, 601px\" \/><br \/>\nApresenta\u00e7\u00e3o da Lifemed<\/span><\/strong><\/p>\n<p style=\"text-align: center;\"><span style=\"font-size: 10pt;\"><strong><img loading=\"lazy\" decoding=\"async\" class=\"alignnone wp-image-1716\" src=\"https:\/\/wp.ufpel.edu.br\/comex\/files\/2023\/12\/Lifemed-3-400x300.jpeg\" alt=\"\" width=\"607\" height=\"455\" srcset=\"https:\/\/wp.ufpel.edu.br\/comex\/files\/2023\/12\/Lifemed-3-400x300.jpeg 400w, https:\/\/wp.ufpel.edu.br\/comex\/files\/2023\/12\/Lifemed-3-768x576.jpeg 768w, https:\/\/wp.ufpel.edu.br\/comex\/files\/2023\/12\/Lifemed-3-756x567.jpeg 756w, https:\/\/wp.ufpel.edu.br\/comex\/files\/2023\/12\/Lifemed-3.jpeg 1024w\" sizes=\"auto, (max-width: 607px) 100vw, 607px\" \/><br \/>\nEncerramento da atividade\u00a0<\/strong><\/span><\/p>\n<p>&nbsp;<\/p>\n","protected":false},"excerpt":{"rendered":"<p>Na tarde de 08 de dezembro, alunos dos cursos de Com\u00e9rcio Exterior, Gest\u00e3o P\u00fablica e Processos Gerenciais participaram de uma visita t\u00e9cnica \u00e0 empresa\u00a0Lifemed, localizada em Pelotas (RS). A atividade integra o plano de ensino da disciplina de Contabilidade Gerencial, ministrada pela professora Patr\u00edcia Severo, e contou tamb\u00e9m com a presen\u00e7a do professor e coordenador &hellip; <\/p>\n<p><a class=\"more-link btn\" href=\"https:\/\/wp.ufpel.edu.br\/comex\/2023\/12\/15\/alunos-de-comercio-exterior-participam-de-visita-tecnica-na-empresa-lifemed\/\">Continue lendo<\/a><\/p>\n","protected":false},"author":1252,"featured_media":0,"comment_status":"closed","ping_status":"closed","sticky":false,"template":"","format":"standard","meta":{"_jetpack_memberships_contains_paid_content":false,"footnotes":""},"categories":[1],"tags":[],"class_list":["post-1711","post","type-post","status-publish","format-standard","hentry","category-noticias","item-wrap"],"jetpack_featured_media_url":"","jetpack_sharing_enabled":true,"_links":{"self":[{"href":"https:\/\/wp.ufpel.edu.br\/comex\/wp-json\/wp\/v2\/posts\/1711","targetHints":{"allow":["GET"]}}],"collection":[{"href":"https:\/\/wp.ufpel.edu.br\/comex\/wp-json\/wp\/v2\/posts"}],"about":[{"href":"https:\/\/wp.ufpel.edu.br\/comex\/wp-json\/wp\/v2\/types\/post"}],"author":[{"embeddable":true,"href":"https:\/\/wp.ufpel.edu.br\/comex\/wp-json\/wp\/v2\/users\/1252"}],"replies":[{"embeddable":true,"href":"https:\/\/wp.ufpel.edu.br\/comex\/wp-json\/wp\/v2\/comments?post=1711"}],"version-history":[{"count":6,"href":"https:\/\/wp.ufpel.edu.br\/comex\/wp-json\/wp\/v2\/posts\/1711\/revisions"}],"predecessor-version":[{"id":1774,"href":"https:\/\/wp.ufpel.edu.br\/comex\/wp-json\/wp\/v2\/posts\/1711\/revisions\/1774"}],"wp:attachment":[{"href":"https:\/\/wp.ufpel.edu.br\/comex\/wp-json\/wp\/v2\/media?parent=1711"}],"wp:term":[{"taxonomy":"category","embeddable":true,"href":"https:\/\/wp.ufpel.edu.br\/comex\/wp-json\/wp\/v2\/categories?post=1711"},{"taxonomy":"post_tag","embeddable":true,"href":"https:\/\/wp.ufpel.edu.br\/comex\/wp-json\/wp\/v2\/tags?post=1711"}],"curies":[{"name":"wp","href":"https:\/\/api.w.org\/{rel}","templated":true}]}}