{"id":1444,"date":"2023-10-21T17:00:38","date_gmt":"2023-10-21T20:00:38","guid":{"rendered":"https:\/\/wp.ufpel.edu.br\/comex\/?p=1444"},"modified":"2023-10-21T21:38:51","modified_gmt":"2023-10-22T00:38:51","slug":"projeto-comex-talk-promove-palestra-sobre-planejamento-espacial-marinho","status":"publish","type":"post","link":"https:\/\/wp.ufpel.edu.br\/comex\/2023\/10\/21\/projeto-comex-talk-promove-palestra-sobre-planejamento-espacial-marinho\/","title":{"rendered":"Projeto COMEX TALK promove palestra sobre planejamento espacial marinho"},"content":{"rendered":"<p style=\"text-align: justify;\">O Curso de Com\u00e9rcio Exterior da Universidade Federal de Pelotas (UFPel), por meio do Projeto COMEX TALK, tem o prazer de convidar todos os interessados para a palestra \u201c<strong>Planejamento Espacial Marinho<\/strong>\u201d, que ser\u00e1 ministrada pela professora <strong>Etiene Villela Marroni<\/strong> (UFPel).\u00a0Em um cen\u00e1rio de crescente press\u00e3o sobre os recursos marinhos e a crescente necessidade de preservar os oceanos, o planejamento espacial marinho assume um papel de extrema import\u00e2ncia na busca de equil\u00edbrio sustent\u00e1vel entre as demandas humanas e a preserva\u00e7\u00e3o dos ecossistemas oce\u00e2nicos. Esta abordagem \u00e9 essencial para a gest\u00e3o respons\u00e1vel dos oceanos e zonas costeiras, abrangendo a organiza\u00e7\u00e3o estrat\u00e9gica das atividades e recursos em meio marinho, considerando diversos interesses, como pesca, conserva\u00e7\u00e3o da biodiversidade, turismo, transporte e energia offshore.<\/p>\n<p style=\"text-align: justify;\">A convidada, Etiene Villela Marroni, \u00e9 Professora Associada da UFPel e Coordenadora do Centro de Estudos Estrat\u00e9gicos e Planejamento Marinho (CEDEPEM), uma parceria entre UFF e UFPel, entre outras institui\u00e7\u00f5es. Com uma s\u00f3lida forma\u00e7\u00e3o acad\u00eamica, que inclui gradua\u00e7\u00e3o em Ci\u00eancias Econ\u00f4micas, mestrado em Educa\u00e7\u00e3o Ambiental e doutorado em Ci\u00eancia Pol\u00edtica, ela tamb\u00e9m realizou um est\u00e1gio p\u00f3s-doutoral em Estudos Estrat\u00e9gicos da Seguran\u00e7a e Defesa no PPGEST\/UFF. Al\u00e9m disso, \u00e9 autora de dois importantes livros sobre o Gerenciamento Costeiro no Brasil e Professora Permanente do Programa de P\u00f3s-Gradua\u00e7\u00e3o em Ci\u00eancia Pol\u00edtica (PPGCPol\/UFPel).<\/p>\n<p style=\"text-align: justify;\">O evento est\u00e1 agendado para o dia\u00a0<strong>25 de outubro<\/strong>, \u00e0s\u00a0<strong>19h<\/strong>, e ter\u00e1 lugar no\u00a0<strong>Audit\u00f3rio Acad\u00eamico<\/strong>, no 4\u00ba andar do\u00a0<em>Campus Anglo<\/em>. Para participar do evento, que \u00e9 gratuito, os interessados devem, primeiramente,\u00a0<a href=\"http:\/\/www.even3.com.br\/comextalk\">realizar sua inscri\u00e7\u00e3o como ouvinte neste link<\/a>; posteriormente, devem assinar a ata de presen\u00e7a que ser\u00e1 disponibilizada durante a palestra. Ser\u00e3o emitidos certificados para todos os participantes, com duas horas de atividade.<\/p>\n<p><img loading=\"lazy\" decoding=\"async\" class=\"wp-image-1449 aligncenter\" src=\"https:\/\/wp.ufpel.edu.br\/comex\/files\/2023\/10\/Planejamento-Especial-Marinho-FEED-400x400.png\" alt=\"\" width=\"548\" height=\"548\" srcset=\"https:\/\/wp.ufpel.edu.br\/comex\/files\/2023\/10\/Planejamento-Especial-Marinho-FEED-400x400.png 400w, https:\/\/wp.ufpel.edu.br\/comex\/files\/2023\/10\/Planejamento-Especial-Marinho-FEED-1024x1024.png 1024w, https:\/\/wp.ufpel.edu.br\/comex\/files\/2023\/10\/Planejamento-Especial-Marinho-FEED-200x200.png 200w, https:\/\/wp.ufpel.edu.br\/comex\/files\/2023\/10\/Planejamento-Especial-Marinho-FEED-768x768.png 768w, https:\/\/wp.ufpel.edu.br\/comex\/files\/2023\/10\/Planejamento-Especial-Marinho-FEED-756x756.png 756w, https:\/\/wp.ufpel.edu.br\/comex\/files\/2023\/10\/Planejamento-Especial-Marinho-FEED.png 1080w\" sizes=\"auto, (max-width: 548px) 100vw, 548px\" \/><\/p>\n","protected":false},"excerpt":{"rendered":"<p>O Curso de Com\u00e9rcio Exterior da Universidade Federal de Pelotas (UFPel), por meio do Projeto COMEX TALK, tem o prazer de convidar todos os interessados para a palestra \u201cPlanejamento Espacial Marinho\u201d, que ser\u00e1 ministrada pela professora Etiene Villela Marroni (UFPel).\u00a0Em um cen\u00e1rio de crescente press\u00e3o sobre os recursos marinhos e a crescente necessidade de preservar &hellip; <\/p>\n<p><a class=\"more-link btn\" href=\"https:\/\/wp.ufpel.edu.br\/comex\/2023\/10\/21\/projeto-comex-talk-promove-palestra-sobre-planejamento-espacial-marinho\/\">Continue lendo<\/a><\/p>\n","protected":false},"author":1252,"featured_media":0,"comment_status":"closed","ping_status":"closed","sticky":false,"template":"","format":"standard","meta":{"_jetpack_memberships_contains_paid_content":false,"footnotes":""},"categories":[5],"tags":[],"class_list":["post-1444","post","type-post","status-publish","format-standard","hentry","category-eventos","item-wrap"],"jetpack_featured_media_url":"","jetpack_sharing_enabled":true,"_links":{"self":[{"href":"https:\/\/wp.ufpel.edu.br\/comex\/wp-json\/wp\/v2\/posts\/1444","targetHints":{"allow":["GET"]}}],"collection":[{"href":"https:\/\/wp.ufpel.edu.br\/comex\/wp-json\/wp\/v2\/posts"}],"about":[{"href":"https:\/\/wp.ufpel.edu.br\/comex\/wp-json\/wp\/v2\/types\/post"}],"author":[{"embeddable":true,"href":"https:\/\/wp.ufpel.edu.br\/comex\/wp-json\/wp\/v2\/users\/1252"}],"replies":[{"embeddable":true,"href":"https:\/\/wp.ufpel.edu.br\/comex\/wp-json\/wp\/v2\/comments?post=1444"}],"version-history":[{"count":3,"href":"https:\/\/wp.ufpel.edu.br\/comex\/wp-json\/wp\/v2\/posts\/1444\/revisions"}],"predecessor-version":[{"id":1454,"href":"https:\/\/wp.ufpel.edu.br\/comex\/wp-json\/wp\/v2\/posts\/1444\/revisions\/1454"}],"wp:attachment":[{"href":"https:\/\/wp.ufpel.edu.br\/comex\/wp-json\/wp\/v2\/media?parent=1444"}],"wp:term":[{"taxonomy":"category","embeddable":true,"href":"https:\/\/wp.ufpel.edu.br\/comex\/wp-json\/wp\/v2\/categories?post=1444"},{"taxonomy":"post_tag","embeddable":true,"href":"https:\/\/wp.ufpel.edu.br\/comex\/wp-json\/wp\/v2\/tags?post=1444"}],"curies":[{"name":"wp","href":"https:\/\/api.w.org\/{rel}","templated":true}]}}