{"id":2738,"date":"2015-08-17T08:29:41","date_gmt":"2015-08-17T11:29:41","guid":{"rendered":"https:\/\/wp.ufpel.edu.br\/colegiadoquimica\/?p=2738"},"modified":"2015-08-17T08:29:41","modified_gmt":"2015-08-17T11:29:41","slug":"inicio-do-semestre-20152","status":"publish","type":"post","link":"https:\/\/wp.ufpel.edu.br\/colegiadoquimica\/2015\/08\/17\/inicio-do-semestre-20152\/","title":{"rendered":"In\u00edcio do semestre 2015\/2"},"content":{"rendered":"<p>&#8220;Em reuni\u00e3o realizada na C\u00e2mara de Ensino em 14.08.2015, em consenso com todos os colegiados de cursos de gradua\u00e7\u00e3o do CCQFA, ficou definido, em rela\u00e7\u00e3o as aulas dos cursos pertencentes ao CCQFA, que a partir do dia 17.08.2015:<br \/>\na) aulas te\u00f3ricas ser\u00e3o ministradas normalmente,<br \/>\nb) aulas pr\u00e1ticas ser\u00e3o momentaneamente postergadas, ou ministradas de acordo com as possibilidades\/condi\u00e7\u00f5es de cada laborat\u00f3rio e\/ou suas especificidades, at\u00e9 que haja condi\u00e7\u00f5es de total regulariza\u00e7\u00e3o,<br \/>\nc) professores que ministrarem aulas pr\u00e1ticas ter\u00e3o total responsabilidade sobre o preparo\/organiza\u00e7\u00e3o da aula, limpeza\/secagem dos materiais\/bancadas, total responsabilidade pela atividade, dentro do espa\u00e7o\/hor\u00e1rio destinado para sua aula (qualquer d\u00favida, entrar em contato com o coordenador do curso respectivo \u00e0 disciplina),<br \/>\nd) aulas para turmas ingressantes dever\u00e3o seguir a orienta\u00e7\u00e3o da administra\u00e7\u00e3o central exposta no site da UFPel&#8230;&#8221;<\/p>\n","protected":false},"excerpt":{"rendered":"<p>&#8220;Em reuni\u00e3o realizada na C\u00e2mara de Ensino em 14.08.2015, em consenso com todos os colegiados de cursos de gradua\u00e7\u00e3o do CCQFA, ficou definido, em rela\u00e7\u00e3o as aulas dos cursos pertencentes ao CCQFA, que a partir do dia 17.08.2015: a) aulas te\u00f3ricas ser\u00e3o ministradas normalmente, b) aulas pr\u00e1ticas ser\u00e3o momentaneamente postergadas, ou ministradas de acordo com &hellip; <\/p>\n<p><a class=\"more-link btn\" href=\"https:\/\/wp.ufpel.edu.br\/colegiadoquimica\/2015\/08\/17\/inicio-do-semestre-20152\/\">Continue lendo<\/a><\/p>\n","protected":false},"author":76,"featured_media":0,"comment_status":"closed","ping_status":"closed","sticky":false,"template":"","format":"standard","meta":{"footnotes":""},"categories":[5718],"tags":[],"class_list":["post-2738","post","type-post","status-publish","format-standard","hentry","category-licenciatura-em-quimica","item-wrap"],"jetpack_featured_media_url":"","_links":{"self":[{"href":"https:\/\/wp.ufpel.edu.br\/colegiadoquimica\/wp-json\/wp\/v2\/posts\/2738","targetHints":{"allow":["GET"]}}],"collection":[{"href":"https:\/\/wp.ufpel.edu.br\/colegiadoquimica\/wp-json\/wp\/v2\/posts"}],"about":[{"href":"https:\/\/wp.ufpel.edu.br\/colegiadoquimica\/wp-json\/wp\/v2\/types\/post"}],"author":[{"embeddable":true,"href":"https:\/\/wp.ufpel.edu.br\/colegiadoquimica\/wp-json\/wp\/v2\/users\/76"}],"replies":[{"embeddable":true,"href":"https:\/\/wp.ufpel.edu.br\/colegiadoquimica\/wp-json\/wp\/v2\/comments?post=2738"}],"version-history":[{"count":1,"href":"https:\/\/wp.ufpel.edu.br\/colegiadoquimica\/wp-json\/wp\/v2\/posts\/2738\/revisions"}],"predecessor-version":[{"id":2739,"href":"https:\/\/wp.ufpel.edu.br\/colegiadoquimica\/wp-json\/wp\/v2\/posts\/2738\/revisions\/2739"}],"wp:attachment":[{"href":"https:\/\/wp.ufpel.edu.br\/colegiadoquimica\/wp-json\/wp\/v2\/media?parent=2738"}],"wp:term":[{"taxonomy":"category","embeddable":true,"href":"https:\/\/wp.ufpel.edu.br\/colegiadoquimica\/wp-json\/wp\/v2\/categories?post=2738"},{"taxonomy":"post_tag","embeddable":true,"href":"https:\/\/wp.ufpel.edu.br\/colegiadoquimica\/wp-json\/wp\/v2\/tags?post=2738"}],"curies":[{"name":"wp","href":"https:\/\/api.w.org\/{rel}","templated":true}]}}